{"id":3501,"date":"2012-06-14T14:27:04","date_gmt":"2012-06-14T12:27:04","guid":{"rendered":"http:\/\/www.tucomarca.com\/wordpress\/segunda\/?p=3501"},"modified":"2012-06-14T14:29:58","modified_gmt":"2012-06-14T12:29:58","slug":"marcos-agramunt-renueva-con-el-cd-cheste","status":"publish","type":"post","link":"https:\/\/www.tucomarca.com\/wordpress\/segunda\/marcos-agramunt-renueva-con-el-cd-cheste\/","title":{"rendered":"Marcos Agramunt renueva con el CD Cheste"},"content":{"rendered":"<figure id=\"attachment_3502\" aria-describedby=\"caption-attachment-3502\" style=\"width: 240px\" class=\"wp-caption alignleft\"><a rel=\"attachment wp-att-3502\" href=\"https:\/\/www.tucomarca.com\/wordpress\/segunda\/?attachment_id=3502\"><img loading=\"lazy\" decoding=\"async\" class=\"size-medium wp-image-3502\" src=\"https:\/\/www.tucomarca.com\/wordpress\/segunda\/wp-content\/uploads\/2012\/06\/1692_1072257080966_319_n-1-e1339676678479-240x300.jpg\" alt=\"\" width=\"240\" height=\"300\" \/><\/a><figcaption id=\"caption-attachment-3502\" class=\"wp-caption-text\">Marcos Agramunt. tc.c<\/figcaption><\/figure>\n<p>El veterano Marcos Agramunt ha confirmado su continuidad un a\u00f1o m\u00e1s en el CD Cheste, tal como han asegurado fuentes del club. El ariete, que durante este \u00faltimo a\u00f1o no ha tenido la continuidad que pod\u00eda esperarse, tendr\u00e1 que entregarse al m\u00e1ximo para ejercer en la punta del ataque de un equipo que poco a poco se va perfilando y que ser\u00e1 dirigido por Pablo Jim\u00e9nez, ex del Massamagrell.<br \/>\nLa marcha de hombres como pablo le abren la puerta a una mayor participaci\u00f3n sobre el terreno de juego.<\/p>\n<p>&nbsp;<\/p>\n","protected":false},"excerpt":{"rendered":"<div class=\"mh-excerpt\">El veterano Marcos Agramunt ha confirmado su continuidad un a\u00f1o m\u00e1s en el CD Cheste, tal como han asegurado fuentes del club. El ariete, que durante este \u00faltimo a\u00f1o no ha tenido la continuidad que <a class=\"mh-excerpt-more\" href=\"https:\/\/www.tucomarca.com\/wordpress\/segunda\/marcos-agramunt-renueva-con-el-cd-cheste\/\" title=\"Marcos Agramunt renueva con el CD Cheste\">[+] <\/a><\/div>\n","protected":false},"author":2,"featured_media":3502,"comment_status":"open","ping_status":"open","sticky":false,"template":"","format":"standard","meta":{"footnotes":""},"categories":[50,17,6,10,3],"tags":[44],"class_list":{"0":"post-3501","1":"post","2":"type-post","3":"status-publish","4":"format-standard","5":"has-post-thumbnail","7":"category-futbol-deportes","8":"category-cheste","9":"category-deportes","10":"category-la-hoya","11":"category-seccion","12":"tag-futbol"},"_links":{"self":[{"href":"https:\/\/www.tucomarca.com\/wordpress\/segunda\/wp-json\/wp\/v2\/posts\/3501","targetHints":{"allow":["GET"]}}],"collection":[{"href":"https:\/\/www.tucomarca.com\/wordpress\/segunda\/wp-json\/wp\/v2\/posts"}],"about":[{"href":"https:\/\/www.tucomarca.com\/wordpress\/segunda\/wp-json\/wp\/v2\/types\/post"}],"author":[{"embeddable":true,"href":"https:\/\/www.tucomarca.com\/wordpress\/segunda\/wp-json\/wp\/v2\/users\/2"}],"replies":[{"embeddable":true,"href":"https:\/\/www.tucomarca.com\/wordpress\/segunda\/wp-json\/wp\/v2\/comments?post=3501"}],"version-history":[{"count":0,"href":"https:\/\/www.tucomarca.com\/wordpress\/segunda\/wp-json\/wp\/v2\/posts\/3501\/revisions"}],"wp:featuredmedia":[{"embeddable":true,"href":"https:\/\/www.tucomarca.com\/wordpress\/segunda\/wp-json\/wp\/v2\/media\/3502"}],"wp:attachment":[{"href":"https:\/\/www.tucomarca.com\/wordpress\/segunda\/wp-json\/wp\/v2\/media?parent=3501"}],"wp:term":[{"taxonomy":"category","embeddable":true,"href":"https:\/\/www.tucomarca.com\/wordpress\/segunda\/wp-json\/wp\/v2\/categories?post=3501"},{"taxonomy":"post_tag","embeddable":true,"href":"https:\/\/www.tucomarca.com\/wordpress\/segunda\/wp-json\/wp\/v2\/tags?post=3501"}],"curies":[{"name":"wp","href":"https:\/\/api.w.org\/{rel}","templated":true}]}}