{"id":35015,"date":"2015-03-23T15:35:55","date_gmt":"2015-03-23T12:35:55","guid":{"rendered":"http:\/\/www.tucomarca.com\/wordpress\/segunda\/?p=35015"},"modified":"2015-03-23T15:35:55","modified_gmt":"2015-03-23T12:35:55","slug":"santamaria-el-compromiso-del-consell-es-que-las-brigadas-helitransportadas-esten-disponibles-todo-el-ano","status":"publish","type":"post","link":"https:\/\/www.tucomarca.com\/wordpress\/segunda\/santamaria-el-compromiso-del-consell-es-que-las-brigadas-helitransportadas-esten-disponibles-todo-el-ano\/","title":{"rendered":"Santamar\u00eda: \u00abEl compromiso del Consell es que las brigadas helitransportadas est\u00e9n disponibles todo el a\u00f1o\u00bb"},"content":{"rendered":"<p>El conseller de Gobernaci\u00f3n y Justicia, Luis Santamar\u00eda, ha asegurado que el objetivo del Consell es ampliar los periodos de contrataci\u00f3n de los recursos de prevenci\u00f3n y extinci\u00f3n de incendios de forma que \u00abtodas las brigadas helitransportadas est\u00e9n disponibles todo el a\u00f1o y que exista una dispositivo de 14 unidades de prevenci\u00f3n de car\u00e1cter anual\u00bb.<\/p>\n<p>As\u00ed lo ha manifestado hoy el conseller durante la presentaci\u00f3n del dispositivo especial de prevenci\u00f3n y extinci\u00f3n de incendios para Semana Santa y Pascua, que permanecer\u00e1 vigente entre el 2 y el 13 de abril.<\/p>\n<p>Una campa\u00f1a que, seg\u00fan Santamar\u00eda, tiene como objetivo \u00abreforzar todas las medidas de prevenci\u00f3n y extinci\u00f3n de incendios para compatibilizar el uso de nuestros espacios naturales y forestales, que se incrementa notablemente en estas fechas, con la seguridad tanto de las personas como del entorno forestal y minimizar as\u00ed cualquier riesgo\u00bb.<\/p>\n<p>Previamente, el conseller ha mantenido una reuni\u00f3n de coordinaci\u00f3n con responsables de todas las administraciones implicadas en el dispositivo; adem\u00e1s de t\u00e9cnicos de la Conselleria de Gobernaci\u00f3n y Justicia y del Centro de Coordinaci\u00f3n de Emergencias (CCE), tambi\u00e9n han asistido representantes de la Federaci\u00f3n Valenciana de Municipios y Provincias (FVMP), de la Conselleria de Infraestructuras, Territorio y Medio Ambiente, responsables de Delegaci\u00f3n del Gobierno, de los tres Consorcios Provinciales de Bomberos, Polic\u00eda de la Generalitat, Guardia Civil, Unidad Militar de Emergencias (UME) y de la Agencia Estatal de Meteorolog\u00eda (AEMET), entre otros.<\/p>\n<p>Efectivos que conforman el dispositivo<\/p>\n<p>Santamar\u00eda ha explicado que el dispositivo especial estar\u00e1 integrado por 11 medios a\u00e9reos de extinci\u00f3n: seis helic\u00f3pteros y cinco aviones, adem\u00e1s de los helic\u00f3pteros Jaume I y los dos medicalizados. Asimismo, el dispositivo cuenta con 34 Brigadas de Emergencia de la Generalitat, 34 autobombas, seis brigadas helitransportadas, 118 unidades de prevenci\u00f3n y 31 observatorios y 264 agentes medioambientales.<\/p>\n<p>Un total 258 efectivos de la Polic\u00eda de la Generalitat (138 m\u00e1s que en el pasado a\u00f1o) realizar\u00e1n rutas de vigilancia preventiva, tanto de d\u00eda como de noche, prestando especial atenci\u00f3n a los parajes de mayor valor ecol\u00f3gico, pantanos, zonas recreativas, paelleros, embalses, etc.<\/p>\n<p>A todo ello hay que sumar personal de los Consorcios Provinciales de Bomberos, Conselleria de Medio Ambiente, Diputaci\u00f3n, Guardia Civil y UME, Polic\u00edas Locales y voluntarios, entre otros efectivos, por lo que habr\u00e1 unos 4.500 efectivos trabajando en esta campa\u00f1a, as\u00ed como 1.000 veh\u00edculos.<\/p>\n<p>Refuerzo de vigilancia<\/p>\n<p>Santamar\u00eda ha explicado que habr\u00e1 un dispositivo especial de vigilancia a\u00e9rea para la vigilancia y extinci\u00f3n de incendios en toda la Comunitat del 3 al 6 de abril y del 11 al 13 de abril. Concretamente, tres aviones realizar\u00e1n vuelos de vigilancia en las diferentes rutas establecidas. \u00abLos medios a\u00e9reos estar\u00e1n cargados con agua y retardante con el fin de actuar con la m\u00e1xima rapidez y sofocar as\u00ed cualquier conato de incendio que observen durante el vuelo en cualquier zona de masa forestal de la Comunitat\u00bb, ha apuntado.<\/p>\n<p>En cuanto al refuerzo de la vigilancia, el titular de Gobernaci\u00f3n y Justicia ha destacado que entre el d\u00eda 2 y el 13 de abril, independientemente del nivel de preemergencia por riesgo de incendios forestales, se adoptar\u00e1n las medidas de vigilancia correspondientes al nivel 3, en el que se implicar\u00e1n todas las administraciones y unidades que participan en el Plan de Vigilancia Preventiva.<\/p>\n<p>En este sentido, Santamar\u00eda ha destacado que habr\u00e1 dos brigadas de la Generalitat por provincia, vigilando las zonas forestales tanto de d\u00eda como de noche y las brigadas helitransportadas alargar\u00e1n una hora m\u00e1s su jornada.<\/p>\n<p>Entre las medidas especiales tambi\u00e9n figura el incremento de los turnos del personal del servicio de emergencias &#8216;112 Comunitat Valenciana&#8217; en un 8,2% (un 3,2% m\u00e1s que en 2014) para Semana Santa y el puente de San Vicente con la finalidad de que las llamadas de los ciudadanos o visitantes sean atendidas con la mayor rapidez y eficacia posible.<\/p>\n<p>As\u00ed pues, ha recordado que desde el 2 al 13 de abril, como medida preventiva \u00abestar\u00e1n prohibidas en los terrenos forestales, contiguos o en aquellos con una proximidad menor a 500 metros, la quema de m\u00e1rgenes de cultivos o de restos agr\u00edcolas o forestales; la quema de ca\u00f1as o matorrales ligada a alg\u00fan tipo de aprovechamiento ganadero, cineg\u00e9tico o de cualquier otro tipo y las operaciones de destilaci\u00f3n de plantas arom\u00e1ticas\u00bb.<\/p>\n<p>En este sentido, el conseller ha explicado que quedar\u00e1n en suspenso los planes locales de quemas as\u00ed como todas las autorizaciones de quema concedidas para esas fechas.<\/p>\n<p>\u00c1reas recreativas<\/p>\n<p>Santamar\u00eda tambi\u00e9n ha resaltado que se podr\u00e1 hacer fuego en las zonas recreativas habilitadas y preparadas para ello (paelleros) siempre y cuando no se haya decretado la Preemergencia Nivel 3 por incendios forestales. En el caso de que se decretara la Preemergencia, estar\u00eda prohibido hacer fuego, incluso en las \u00e1reas recreativas autorizadas.<\/p>\n<p>En este sentido, ha hecho un llamamiento a la concienciaci\u00f3n ciudadana y a la importancia de preservar los espacios naturales y hacer un uso responsable de estos parajes para hacer compatible el derecho al ocio con el respeto al medio ambiente.<\/p>\n<p>Finalmente, ha recordado a los ciudadanos que pueden consultar las preemergencias establecidas en la p\u00e1gina web www.112cv.com o en el twitter @gva_112cv y ha concluido destacando el papel que desempe\u00f1an \u00abtodos los efectivos que integran este plan, insistiendo en el cuidado de los montes y la prevenci\u00f3n de los incendios forestales como \u00abresponsabilidad de todos\u00bb.<\/p>\n","protected":false},"excerpt":{"rendered":"<div class=\"mh-excerpt\">El conseller de Gobernaci\u00f3n y Justicia, Luis Santamar\u00eda, ha asegurado que el objetivo del Consell es ampliar los periodos de contrataci\u00f3n de los recursos de prevenci\u00f3n y extinci\u00f3n de incendios de forma que \u00abtodas las <a class=\"mh-excerpt-more\" href=\"https:\/\/www.tucomarca.com\/wordpress\/segunda\/santamaria-el-compromiso-del-consell-es-que-las-brigadas-helitransportadas-esten-disponibles-todo-el-ano\/\" title=\"Santamar\u00eda: \u00abEl compromiso del Consell es que las brigadas helitransportadas est\u00e9n disponibles todo el a\u00f1o\u00bb\">[+] <\/a><\/div>\n","protected":false},"author":2,"featured_media":0,"comment_status":"open","ping_status":"open","sticky":false,"template":"","format":"standard","meta":{"footnotes":""},"categories":[8,72,10,117,3],"tags":[3861,4235,390,7320,5095,7321],"class_list":{"0":"post-35015","1":"post","2":"type-post","3":"status-publish","4":"format-standard","6":"category-la-comarca","7":"category-sin-categorizar","8":"category-la-hoya","9":"category-medio-ambiente-la-comarca","10":"category-seccion","11":"tag-brigadas","12":"tag-conseller","13":"tag-gobernacion","14":"tag-helitransportadas","15":"tag-luis-santamaria","16":"tag-todo-el-ano"},"_links":{"self":[{"href":"https:\/\/www.tucomarca.com\/wordpress\/segunda\/wp-json\/wp\/v2\/posts\/35015","targetHints":{"allow":["GET"]}}],"collection":[{"href":"https:\/\/www.tucomarca.com\/wordpress\/segunda\/wp-json\/wp\/v2\/posts"}],"about":[{"href":"https:\/\/www.tucomarca.com\/wordpress\/segunda\/wp-json\/wp\/v2\/types\/post"}],"author":[{"embeddable":true,"href":"https:\/\/www.tucomarca.com\/wordpress\/segunda\/wp-json\/wp\/v2\/users\/2"}],"replies":[{"embeddable":true,"href":"https:\/\/www.tucomarca.com\/wordpress\/segunda\/wp-json\/wp\/v2\/comments?post=35015"}],"version-history":[{"count":0,"href":"https:\/\/www.tucomarca.com\/wordpress\/segunda\/wp-json\/wp\/v2\/posts\/35015\/revisions"}],"wp:attachment":[{"href":"https:\/\/www.tucomarca.com\/wordpress\/segunda\/wp-json\/wp\/v2\/media?parent=35015"}],"wp:term":[{"taxonomy":"category","embeddable":true,"href":"https:\/\/www.tucomarca.com\/wordpress\/segunda\/wp-json\/wp\/v2\/categories?post=35015"},{"taxonomy":"post_tag","embeddable":true,"href":"https:\/\/www.tucomarca.com\/wordpress\/segunda\/wp-json\/wp\/v2\/tags?post=35015"}],"curies":[{"name":"wp","href":"https:\/\/api.w.org\/{rel}","templated":true}]}}