{"id":35063,"date":"2015-03-24T15:56:30","date_gmt":"2015-03-24T12:56:30","guid":{"rendered":"http:\/\/www.tucomarca.com\/wordpress\/segunda\/?p=35063"},"modified":"2015-03-24T15:56:30","modified_gmt":"2015-03-24T12:56:30","slug":"el-area-de-deportes-de-bunol-confirma-que-ha-recibido-una-subvencion-de-16-000-euros-de-diputacion","status":"publish","type":"post","link":"https:\/\/www.tucomarca.com\/wordpress\/segunda\/el-area-de-deportes-de-bunol-confirma-que-ha-recibido-una-subvencion-de-16-000-euros-de-diputacion\/","title":{"rendered":"El \u00e1rea de Deportes de Bu\u00f1ol confirma que ha recibido una subvenci\u00f3n de 16.000 euros de Diputaci\u00f3n"},"content":{"rendered":"<p>La concejal\u00eda de Deportes de Bu\u00f1ol ha recibido una subvenci\u00f3n de 16.000 euros para material deportivo procedente de la Diputaci\u00f3n de Valencia. Desde este \u00e1rea ya se ha elaborado la propuesta de inversi\u00f3n atendiendo a las demandas planteadas por parte de diferentes asociaciones deportivas de la localidad; como el CD Bu\u00f1ol o el AD Bu\u00f1ol. Tal como ha declarado el concejal del ramo, Manuel Sierra, \u00ablas escuelas de f\u00fatbol y balonmano de la localidad son las m\u00e1s numerosas, por lo que requieren de nuevo material de entrenamiento anualmente para cubrir las demandas de todas sus categor\u00edas infantiles. Poniendo esta importante subvenci\u00f3n al servicio de estas grandes escuelas deportivas municipales, les vamos a permitir cubrir gran parte de sus necesidades de material, sin que tengan que gastar ese dinero de las subvenciones que reciben del ayuntamiento, pudiendo realizar ese desembolso en otras cuestiones, como en el pago de sus monitores\u00bb, se\u00f1ala el edil Sierra. Adem\u00e1s de material para esas escuelas, las instalaciones deportivas del Planell tambi\u00e9n se ver\u00e1n favorecidas con la compra de diferentes art\u00edculos provenientes de esta subvenci\u00f3n y que van desde redes de tenis o p\u00e1del, a nuevas canastas de baloncesto, as\u00ed como bicicletas est\u00e1ticas para la sala de musculaci\u00f3n.<br \/>\nAdem\u00e1s de la compra de este material, desde el \u00e1rea de deportes del consistorio municipal se ha querido atender a una demanda hist\u00f3rica de los aficionados al f\u00fatbol y se colocar\u00e1n asientos en el Beltr\u00e1n B\u00e1guena. En concreto ser\u00e1n 500 y se ubicar\u00e1n en tribuna como fuera de ella para mayor comodidad de los asistentes a estas instalaciones municipales. Con la incorporaci\u00f3n de asientos en el campo de f\u00fatbol o la compra de un nuevo marcador electr\u00f3nico el a\u00f1o pasado, se demuestra el deseo desde la concejal\u00eda de Deportes de invertir y mejorar en el Beltr\u00e1n B\u00e1guena, para que siga siendo uno de los campos de f\u00fatbol m\u00e1s completos de la regional valenciana.<\/p>\n","protected":false},"excerpt":{"rendered":"<div class=\"mh-excerpt\">La concejal\u00eda de Deportes de Bu\u00f1ol ha recibido una subvenci\u00f3n de 16.000 euros para material deportivo procedente de la Diputaci\u00f3n de Valencia. Desde este \u00e1rea ya se ha elaborado la propuesta de inversi\u00f3n atendiendo a <a class=\"mh-excerpt-more\" href=\"https:\/\/www.tucomarca.com\/wordpress\/segunda\/el-area-de-deportes-de-bunol-confirma-que-ha-recibido-una-subvencion-de-16-000-euros-de-diputacion\/\" title=\"El \u00e1rea de Deportes de Bu\u00f1ol confirma que ha recibido una subvenci\u00f3n de 16.000 euros de Diputaci\u00f3n\">[+] <\/a><\/div>\n","protected":false},"author":2,"featured_media":0,"comment_status":"open","ping_status":"open","sticky":false,"template":"","format":"standard","meta":{"footnotes":""},"categories":[18,6,8,10,3],"tags":[5945,7335,10385,10379,359],"class_list":{"0":"post-35063","1":"post","2":"type-post","3":"status-publish","4":"format-standard","6":"category-bunol","7":"category-deportes","8":"category-la-comarca","9":"category-la-hoya","10":"category-seccion","11":"tag-16-000-euros","12":"tag-area","13":"tag-bunol","14":"tag-deportes","15":"tag-subvencion"},"_links":{"self":[{"href":"https:\/\/www.tucomarca.com\/wordpress\/segunda\/wp-json\/wp\/v2\/posts\/35063","targetHints":{"allow":["GET"]}}],"collection":[{"href":"https:\/\/www.tucomarca.com\/wordpress\/segunda\/wp-json\/wp\/v2\/posts"}],"about":[{"href":"https:\/\/www.tucomarca.com\/wordpress\/segunda\/wp-json\/wp\/v2\/types\/post"}],"author":[{"embeddable":true,"href":"https:\/\/www.tucomarca.com\/wordpress\/segunda\/wp-json\/wp\/v2\/users\/2"}],"replies":[{"embeddable":true,"href":"https:\/\/www.tucomarca.com\/wordpress\/segunda\/wp-json\/wp\/v2\/comments?post=35063"}],"version-history":[{"count":0,"href":"https:\/\/www.tucomarca.com\/wordpress\/segunda\/wp-json\/wp\/v2\/posts\/35063\/revisions"}],"wp:attachment":[{"href":"https:\/\/www.tucomarca.com\/wordpress\/segunda\/wp-json\/wp\/v2\/media?parent=35063"}],"wp:term":[{"taxonomy":"category","embeddable":true,"href":"https:\/\/www.tucomarca.com\/wordpress\/segunda\/wp-json\/wp\/v2\/categories?post=35063"},{"taxonomy":"post_tag","embeddable":true,"href":"https:\/\/www.tucomarca.com\/wordpress\/segunda\/wp-json\/wp\/v2\/tags?post=35063"}],"curies":[{"name":"wp","href":"https:\/\/api.w.org\/{rel}","templated":true}]}}