{"id":3512,"date":"2012-06-14T15:15:05","date_gmt":"2012-06-14T13:15:05","guid":{"rendered":"http:\/\/www.tucomarca.com\/wordpress\/segunda\/?p=3512"},"modified":"2012-06-14T15:15:32","modified_gmt":"2012-06-14T13:15:32","slug":"eu-asegura-que-el-voto-en-contra-de-pp-y-no-adscritos-%c2%abpone-en-grave-riesgo-a-los-trabajadores-municipales-los-servicios-y-las-suvenciones-a-asociaciones%c2%bb","status":"publish","type":"post","link":"https:\/\/www.tucomarca.com\/wordpress\/segunda\/eu-asegura-que-el-voto-en-contra-de-pp-y-no-adscritos-%c2%abpone-en-grave-riesgo-a-los-trabajadores-municipales-los-servicios-y-las-suvenciones-a-asociaciones%c2%bb\/","title":{"rendered":"EU asegura que el voto en contra de PP y no adscritos \u00abpone en grave riesgo a los trabajadores municipales, los servicios y las suvenciones a asociaciones\u00bb"},"content":{"rendered":"<p>EU de Bu\u00f1ol\u00a0 ha calificado a trav\u00e9s de un comunicado oficial de \u00abatentado contra los trabajadores municipales, los servicios p\u00fablicos que presta el Ayuntamiento de Bu\u00f1ol y las ayudas a las asociaciones el voto en contra del plan de ajuste municipal presentado ayer tarde por el equipo municipal de izquierdas con la aprobaci\u00f3n del interventor municipal\u00bb.<\/p>\n<p>\u00abDespu\u00e9s de que el gobierno municipal ha estado abierto a las aportaciones del PP y recogiendo varias de sus propuestas, la negociaci\u00f3n ha sido in\u00fatil pues el PP s\u00f3lo est\u00e1 interesado en crear inestabilidad\u00a0 y desgobierno en el Ayuntamiento de Bu\u00f1ol\u00bb, han manifestado fuentes de EU.<\/p>\n<p>EU de Bu\u00f1ol\u00a0 ha calificado adem\u00e1s de \u00abnefasto para Bu\u00f1ol\u00bb al portavoz del PP y sus concejales \u00abque\u00a0 aprovechando la traici\u00f3n de los dos concejales tr\u00e1nsfugas boicotean cualquier posibilidad de entendimiento para sacar el plan de ajuste municipal adelante\u00bb, han manifestado desde EU.<\/p>\n<p>\u00abLa intervenci\u00f3n de Marcial Diaz como portavoz de la derecha ha creado gran indignaci\u00f3n y enfado entre los trabajadores municipales y el tono mentiroso y despreciativo de Marcial D\u00edaz ha hecho que hasta el interventor municipal se haya ido del pleno municipal al no poder aguantar tantas mentiras y desprecios de la derecha\u00bb, siempre seg\u00fan Esquerra Unida.<\/p>\n<p>EU de Bu\u00f1ol advierte adem\u00e1s de de que \u00abla estrategia del PP y los tr\u00e1nsfugas que lo apoyan s\u00f3lo obedece a intereses pol\u00edticos particulares de estos concejales y por desgracia no les importa nada poner a los trabajadores, a los servicios municipales y a las asociaciones en una situaci\u00f3n dif\u00edcil. Ya no oyen ni hacen caso a nadie s\u00f3lo se dejan llevar por sus frustraciones pol\u00edticas aunque esta postura perjudique a tantas personas\u00bb.<\/p>\n<p>\u00abEl PP se est\u00e1 cargando con sus pol\u00edticas ultraliberales el bienestar de la poblaci\u00f3n y s\u00f3lo trabajan para beneficiar a los bancos y las grandes empresas, mientras dejan empobrecidos a millones de trabajadores y a la clase media\u00bb.<\/p>\n<p>El Plan de ajuste de haber sido aprobado \u00abgarantizar\u00eda los intereses de los trabajadores, la continuidad de los servicios municipales y el pago de las ayudas a las asociaciones. Con la no aprobaci\u00f3n del plan de ajuste cabe la posibilidad de que el gobierno del PP intervenga las cuentas municipales\u00a0 y as\u00ed acabar\u00e1n con la autonom\u00eda municipal y dejar\u00e1n en papel mojado la elecci\u00f3n democr\u00e1tica de los ciudadanos. El PP est\u00e1 llevando una involuci\u00f3n antidemocr\u00e1tica contra lo p\u00fablico y contra la democracia, para ellos la democracia es ya un estorbo y la est\u00e1n interviniendo para facilitar sus intereses pol\u00edticos y econ\u00f3micos\u00bb.<\/p>\n<p>\u00abEU de Bu\u00f1ol\u00a0 hace un llamamiento a todas las personas afectadas por las pol\u00edticas y decisiones antisociales del PP para que democr\u00e1ticamente se movilicen contra lo que est\u00e1 pasando y se luche para poner fin\u00a0 a esas pol\u00edticas tan\u00a0 dram\u00e1ticas para la mayor\u00eda. Contra el paro, contra el desprecio a los servicios p\u00fablicos, contra los recortes de derechos sociales,\u00a0 adelante con la lucha social\u00bb, finalizan las fuentes de EU en su comunicado.<\/p>\n","protected":false},"excerpt":{"rendered":"<div class=\"mh-excerpt\">EU de Bu\u00f1ol\u00a0 ha calificado a trav\u00e9s de un comunicado oficial de \u00abatentado contra los trabajadores municipales, los servicios p\u00fablicos que presta el Ayuntamiento de Bu\u00f1ol y las ayudas a las asociaciones el voto en <a class=\"mh-excerpt-more\" href=\"https:\/\/www.tucomarca.com\/wordpress\/segunda\/eu-asegura-que-el-voto-en-contra-de-pp-y-no-adscritos-%c2%abpone-en-grave-riesgo-a-los-trabajadores-municipales-los-servicios-y-las-suvenciones-a-asociaciones%c2%bb\/\" title=\"EU asegura que el voto en contra de PP y no adscritos \u00abpone en grave riesgo a los trabajadores municipales, los servicios y las suvenciones a asociaciones\u00bb\">[+] <\/a><\/div>\n","protected":false},"author":1,"featured_media":0,"comment_status":"open","ping_status":"open","sticky":false,"template":"","format":"standard","meta":{"footnotes":""},"categories":[18,8,10,142],"tags":[],"class_list":{"0":"post-3512","1":"post","2":"type-post","3":"status-publish","4":"format-standard","6":"category-bunol","7":"category-la-comarca","8":"category-la-hoya","9":"category-politica-la-comarca"},"_links":{"self":[{"href":"https:\/\/www.tucomarca.com\/wordpress\/segunda\/wp-json\/wp\/v2\/posts\/3512","targetHints":{"allow":["GET"]}}],"collection":[{"href":"https:\/\/www.tucomarca.com\/wordpress\/segunda\/wp-json\/wp\/v2\/posts"}],"about":[{"href":"https:\/\/www.tucomarca.com\/wordpress\/segunda\/wp-json\/wp\/v2\/types\/post"}],"author":[{"embeddable":true,"href":"https:\/\/www.tucomarca.com\/wordpress\/segunda\/wp-json\/wp\/v2\/users\/1"}],"replies":[{"embeddable":true,"href":"https:\/\/www.tucomarca.com\/wordpress\/segunda\/wp-json\/wp\/v2\/comments?post=3512"}],"version-history":[{"count":0,"href":"https:\/\/www.tucomarca.com\/wordpress\/segunda\/wp-json\/wp\/v2\/posts\/3512\/revisions"}],"wp:attachment":[{"href":"https:\/\/www.tucomarca.com\/wordpress\/segunda\/wp-json\/wp\/v2\/media?parent=3512"}],"wp:term":[{"taxonomy":"category","embeddable":true,"href":"https:\/\/www.tucomarca.com\/wordpress\/segunda\/wp-json\/wp\/v2\/categories?post=3512"},{"taxonomy":"post_tag","embeddable":true,"href":"https:\/\/www.tucomarca.com\/wordpress\/segunda\/wp-json\/wp\/v2\/tags?post=3512"}],"curies":[{"name":"wp","href":"https:\/\/api.w.org\/{rel}","templated":true}]}}