{"id":35120,"date":"2015-03-25T11:39:38","date_gmt":"2015-03-25T08:39:38","guid":{"rendered":"http:\/\/www.tucomarca.com\/wordpress\/segunda\/?p=35120"},"modified":"2015-03-25T11:39:42","modified_gmt":"2015-03-25T08:39:42","slug":"el-president-fabra-y-alfonso-rus-se-han-trasladado-a-la-ribera-para-conocer-las-consecuencias-del-temporal","status":"publish","type":"post","link":"https:\/\/www.tucomarca.com\/wordpress\/segunda\/el-president-fabra-y-alfonso-rus-se-han-trasladado-a-la-ribera-para-conocer-las-consecuencias-del-temporal\/","title":{"rendered":"El President Fabra y Alfonso Rus se han trasladado a La Ribera para conocer las consecuencias del temporal"},"content":{"rendered":"<p><figure id=\"attachment_35121\" aria-describedby=\"caption-attachment-35121\" style=\"width: 300px\" class=\"wp-caption alignleft\"><a href=\"https:\/\/www.tucomarca.com\/wordpress\/segunda\/2015\/03\/el-president-fabra-y-alfonso-rus-se-han-trasladado-a-la-ribera-para-conocer-las-consecuencias-del-temporal\/visita-alzira-foto_abulaila\/\" rel=\"attachment wp-att-35121\"><img loading=\"lazy\" decoding=\"async\" src=\"https:\/\/www.tucomarca.com\/wordpress\/segunda\/wp-content\/uploads\/2015\/03\/Visita-Alzira-foto_Abulaila-e1427272764719-300x144.jpg\" alt=\"\" title=\"Visita Alzira foto_Abulaila\" width=\"300\" height=\"144\" class=\"size-medium wp-image-35121\" srcset=\"https:\/\/www.tucomarca.com\/wordpress\/segunda\/wp-content\/uploads\/2015\/03\/Visita-Alzira-foto_Abulaila-e1427272764719-300x144.jpg 300w, https:\/\/www.tucomarca.com\/wordpress\/segunda\/wp-content\/uploads\/2015\/03\/Visita-Alzira-foto_Abulaila-e1427272764719-1024x492.jpg 1024w\" sizes=\"auto, (max-width: 300px) 100vw, 300px\" \/><\/a><figcaption id=\"caption-attachment-35121\" class=\"wp-caption-text\">Fabra y Rus durante su visita a La Ribera. tc.c<\/figcaption><\/figure>El President de la Generalitat, Alberto Fabra, y el de la Diputaci\u00f3n de Valencia, Alfonso Rus, se han trasladado a la comarca de La Ribera para comprobar las consecuencias del temporal de lluvias que est\u00e1 afectando a la Comunitat Valenciana.<\/p>\n<p>El President ha agradecido el trabajo de todos los servicios de emergencia y ha afirmado que \u00aben este momento la principal preocupaci\u00f3n de la Generalitat es la seguridad de las personas, de ah\u00ed que todos los esfuerzos hasta el momento se centren en la coordinaci\u00f3n entre administraciones para llevar a cabo de manera r\u00e1pida y eficaz todas las actuaciones de emergencia necesarias\u00bb.<\/p>\n<p>Un trabajo de coordinaci\u00f3n fundamental, seg\u00fan el President, para sumar los esfuerzos de todas las administraciones y que se est\u00e1 llevando a cabo desde el Centro de Emergencias de L&#8217;Eliana, dependiente de la conselleria de Gobernaci\u00f3n.<\/p>\n<p>Durante el recorrido realizado, Fabra ha informado que desde el Consell se est\u00e1n estudiando todas las posibilidades para que, una vez se tenga la valoraci\u00f3n de los da\u00f1os, se pueda establecer alguna l\u00ednea de ayudas para compensar los da\u00f1os que las inundaciones han provocado en viviendas, caminos, agricultura y veh\u00edculos.<\/p>\n","protected":false},"excerpt":{"rendered":"<div class=\"mh-excerpt\">El President de la Generalitat, Alberto Fabra, y el de la Diputaci\u00f3n de Valencia, Alfonso Rus, se han trasladado a la comarca de La Ribera para comprobar las consecuencias del temporal de lluvias que est\u00e1 <a class=\"mh-excerpt-more\" href=\"https:\/\/www.tucomarca.com\/wordpress\/segunda\/el-president-fabra-y-alfonso-rus-se-han-trasladado-a-la-ribera-para-conocer-las-consecuencias-del-temporal\/\" title=\"El President Fabra y Alfonso Rus se han trasladado a La Ribera para conocer las consecuencias del temporal\">[+] <\/a><\/div>\n","protected":false},"author":2,"featured_media":35121,"comment_status":"open","ping_status":"open","sticky":false,"template":"","format":"standard","meta":{"footnotes":""},"categories":[69,8,42,3,45],"tags":[10402,575,3783,636,862],"class_list":{"0":"post-35120","1":"post","2":"type-post","3":"status-publish","4":"format-standard","5":"has-post-thumbnail","7":"category-alzira","8":"category-la-comarca","9":"category-la-ribera","10":"category-seccion","11":"category-ventana","12":"tag-alzira","13":"tag-fabra","14":"tag-lluvias","15":"tag-rus","16":"tag-visita"},"_links":{"self":[{"href":"https:\/\/www.tucomarca.com\/wordpress\/segunda\/wp-json\/wp\/v2\/posts\/35120","targetHints":{"allow":["GET"]}}],"collection":[{"href":"https:\/\/www.tucomarca.com\/wordpress\/segunda\/wp-json\/wp\/v2\/posts"}],"about":[{"href":"https:\/\/www.tucomarca.com\/wordpress\/segunda\/wp-json\/wp\/v2\/types\/post"}],"author":[{"embeddable":true,"href":"https:\/\/www.tucomarca.com\/wordpress\/segunda\/wp-json\/wp\/v2\/users\/2"}],"replies":[{"embeddable":true,"href":"https:\/\/www.tucomarca.com\/wordpress\/segunda\/wp-json\/wp\/v2\/comments?post=35120"}],"version-history":[{"count":0,"href":"https:\/\/www.tucomarca.com\/wordpress\/segunda\/wp-json\/wp\/v2\/posts\/35120\/revisions"}],"wp:featuredmedia":[{"embeddable":true,"href":"https:\/\/www.tucomarca.com\/wordpress\/segunda\/wp-json\/wp\/v2\/media\/35121"}],"wp:attachment":[{"href":"https:\/\/www.tucomarca.com\/wordpress\/segunda\/wp-json\/wp\/v2\/media?parent=35120"}],"wp:term":[{"taxonomy":"category","embeddable":true,"href":"https:\/\/www.tucomarca.com\/wordpress\/segunda\/wp-json\/wp\/v2\/categories?post=35120"},{"taxonomy":"post_tag","embeddable":true,"href":"https:\/\/www.tucomarca.com\/wordpress\/segunda\/wp-json\/wp\/v2\/tags?post=35120"}],"curies":[{"name":"wp","href":"https:\/\/api.w.org\/{rel}","templated":true}]}}