{"id":3515,"date":"2012-06-14T15:00:37","date_gmt":"2012-06-14T13:00:37","guid":{"rendered":"http:\/\/www.tucomarca.com\/wordpress\/segunda\/?p=3515"},"modified":"2012-06-14T15:23:11","modified_gmt":"2012-06-14T13:23:11","slug":"el-psoe-responsabiliza-a-los-ediles-no-adscritos-y-al-pp-de-la-%c2%abfalta-de-liquidez%c2%bb-del-ayuntamiento-de-bunol","status":"publish","type":"post","link":"https:\/\/www.tucomarca.com\/wordpress\/segunda\/el-psoe-responsabiliza-a-los-ediles-no-adscritos-y-al-pp-de-la-%c2%abfalta-de-liquidez%c2%bb-del-ayuntamiento-de-bunol\/","title":{"rendered":"El PSOE responsabiliza a los ediles no adscritos y al PP de la \u00abfalta de liquidez\u00bb del Ayuntamiento de Bu\u00f1ol"},"content":{"rendered":"<p>Desde el Partido Socialista de Bu\u00f1ol han emitido un comunicado sobre el rechazo al Plan de Ajuste elevado a pleno por el gobierno local (EU, PSOE e IA) que fue votado en contra por los dos ediles no adscritos as\u00ed como por los siete del PP.<\/p>\n<p>Seg\u00fan el PSOE, \u00abhoy \u2014por ayer\u2014 a las 21,11 horas y tras casi dos horas de fluido y ameno debate se ha producido la esperada votaci\u00f3n. Francisco y Laura Carrascosa junto con el PP han dicho no al plan de ajuste. Un no que supone de entrada pagar una deuda de 2,700.000 euros en cuatro a\u00f1os y no en 10 a\u00f1os con unos plazos m\u00e1s llevaderos, aunque con unos intereses muy abusivos\u00bb.<\/p>\n<p>\u00abDe esos 2, 7 millones de euros, casi 2 millones de euros\u00a0 los debe la Generalitat Valenciana al Ayuntamiento de Bu\u00f1ol. Y no ser\u00e1n ellos los que no hagan este a\u00f1o f\u00f3rmula uno. Soplan malos tiempos para Bu\u00f1ol. Un PP obsesionado en pasar\u00a0 la factura ante su imposibilidad de formar gobierno en junio pasado y dos ex EU empecinados en resolver sus rencillas internas a base votar en contra aspectos, como este, importantes para la viabilidad de nuestros servicios y Ayuntamiento\u00bb.<\/p>\n<p>\u00abDesde el PSOE\u00a0 de Bu\u00f1ol tenemos que destacar el trabajo, la dedicaci\u00f3n y la apuesta personal de nuestro portavoz y concejal del \u00e1rea de Hacienda Eusebio Saez por conseguir un acuerdo. Tanto el Grupo Socialista como el PSPV-PSOE de Bu\u00f1ol hemos intentado\u00a0 llegar al mejor acuerdo. Nadie duda que el plan de ajuste no fuera el ideal, pero este fin justificaba los medios. Medios necesarios para mantener conservatorio, centro ocupacional, autob\u00fas urbano, escuela popular de adultos, escuela 0 a 3 a\u00f1os, etc\u00e9tra\u00bb, siempre seg\u00fan la versi\u00f3n del PSOE.<\/p>\n<p>Los socialistas finalizan su nota diciendo que el \u00abm\u00e9todo que usar\u00e1 el Gobierno del PP sobre los Ayuntamientos que no han conseguido aprobar su plan de ajuste es incierto. Aunque ya se habla de impedir que las entidades locales presten servicios impropios, los mismos que el PSP V-PSOE de Bu\u00f1ol y el grupo municipal tratamos de preservar. A partir de estos momentos el Ministerio de Hacienda comenzar\u00e1 a incautar el fondo de participaci\u00f3n de tributos del Estado a raz\u00f3n de 800.000 euros por a\u00f1o. \u00bfQu\u00e9 supondr\u00e1 esta falta de liquidez? Esa pregunta se contestar\u00e1 de forma inminente y tendr\u00e1 unos \u00fanicos responsables: Francisco y Laura Carrascosa junto con el Partido Popular de Bu\u00f1ol\u00bb.<\/p>\n","protected":false},"excerpt":{"rendered":"<div class=\"mh-excerpt\">Desde el Partido Socialista de Bu\u00f1ol han emitido un comunicado sobre el rechazo al Plan de Ajuste elevado a pleno por el gobierno local (EU, PSOE e IA) que fue votado en contra por los <a class=\"mh-excerpt-more\" href=\"https:\/\/www.tucomarca.com\/wordpress\/segunda\/el-psoe-responsabiliza-a-los-ediles-no-adscritos-y-al-pp-de-la-%c2%abfalta-de-liquidez%c2%bb-del-ayuntamiento-de-bunol\/\" title=\"El PSOE responsabiliza a los ediles no adscritos y al PP de la \u00abfalta de liquidez\u00bb del Ayuntamiento de Bu\u00f1ol\">[+] <\/a><\/div>\n","protected":false},"author":1,"featured_media":0,"comment_status":"open","ping_status":"open","sticky":false,"template":"","format":"standard","meta":{"footnotes":""},"categories":[18,8,10,142,3],"tags":[],"class_list":{"0":"post-3515","1":"post","2":"type-post","3":"status-publish","4":"format-standard","6":"category-bunol","7":"category-la-comarca","8":"category-la-hoya","9":"category-politica-la-comarca","10":"category-seccion"},"_links":{"self":[{"href":"https:\/\/www.tucomarca.com\/wordpress\/segunda\/wp-json\/wp\/v2\/posts\/3515","targetHints":{"allow":["GET"]}}],"collection":[{"href":"https:\/\/www.tucomarca.com\/wordpress\/segunda\/wp-json\/wp\/v2\/posts"}],"about":[{"href":"https:\/\/www.tucomarca.com\/wordpress\/segunda\/wp-json\/wp\/v2\/types\/post"}],"author":[{"embeddable":true,"href":"https:\/\/www.tucomarca.com\/wordpress\/segunda\/wp-json\/wp\/v2\/users\/1"}],"replies":[{"embeddable":true,"href":"https:\/\/www.tucomarca.com\/wordpress\/segunda\/wp-json\/wp\/v2\/comments?post=3515"}],"version-history":[{"count":0,"href":"https:\/\/www.tucomarca.com\/wordpress\/segunda\/wp-json\/wp\/v2\/posts\/3515\/revisions"}],"wp:attachment":[{"href":"https:\/\/www.tucomarca.com\/wordpress\/segunda\/wp-json\/wp\/v2\/media?parent=3515"}],"wp:term":[{"taxonomy":"category","embeddable":true,"href":"https:\/\/www.tucomarca.com\/wordpress\/segunda\/wp-json\/wp\/v2\/categories?post=3515"},{"taxonomy":"post_tag","embeddable":true,"href":"https:\/\/www.tucomarca.com\/wordpress\/segunda\/wp-json\/wp\/v2\/tags?post=3515"}],"curies":[{"name":"wp","href":"https:\/\/api.w.org\/{rel}","templated":true}]}}