{"id":3517,"date":"2012-06-14T15:29:10","date_gmt":"2012-06-14T13:29:10","guid":{"rendered":"http:\/\/www.tucomarca.com\/wordpress\/segunda\/?p=3517"},"modified":"2012-06-14T15:29:10","modified_gmt":"2012-06-14T13:29:10","slug":"los-populares-lamentan-que-un-tripartito-en-minoria-%c2%abhaya-primado-intereses-personales-y-de-partido-en-lugar-de-alcanzar-verdaderos-acuerdos-de-futuro-para-bunol%c2%bb","status":"publish","type":"post","link":"https:\/\/www.tucomarca.com\/wordpress\/segunda\/los-populares-lamentan-que-un-tripartito-en-minoria-%c2%abhaya-primado-intereses-personales-y-de-partido-en-lugar-de-alcanzar-verdaderos-acuerdos-de-futuro-para-bunol%c2%bb\/","title":{"rendered":"Los Populares lamentan que un tripartito en minor\u00eda \u00abhaya primado intereses personales y de partido en lugar de alcanzar verdaderos acuerdos de futuro para Bu\u00f1ol\u00bb"},"content":{"rendered":"<p>Los Populares de Bu\u00f1ol, a trav\u00e9s de un comunicado oficial, ha lamentado que el gobierno tripartito de la localidad \u2014EU, PSOE e IA\u2014 \u00abhaya primado intereses personales y de partido en lugar de alcanzar verdaderos acuerdos de futuro para nuestro pueblo\u00bb, seg\u00fan han dicho.<\/p>\n<p>En su nota, desde el PP tambi\u00e9n se asegura que \u00abs\u00f3lo una de las cinco\u00a0 propuestas planteadas por el partido popular fueron realmente recogidas en el Plan de ajuste del gobierno de Bu\u00f1ol\u00bb; y que \u00ablas contradicciones internas en el seno del tripartito ante las propuestas planteadas por el Partido Popular alejaron la posibilidad de un verdadero acuerdo\u00bb.<\/p>\n<p>Seg\u00fan informan en su comunicado, los Populares de Bu\u00f1ol planteaaron al gobierno local \u00abcinco propuestas para evitar el cierre de los servicios, despidos de trabajadores y garantizar el futuro econ\u00f3mico del Ayuntamiento de Bu\u00f1ol. Las propuestas planteadas por el grupo municipal popular consisten en la cancelaci\u00f3n anticipada del pr\u00e9stamo en cinco a\u00f1os para evitar el pago de un mill\u00f3n de euros en intereses; la asunci\u00f3n con personal propio de los servicios de recaudaci\u00f3n, limpieza viaria y alteraciones catastrales; el no cierre del servicio de piscina municipal de invierno y la reducci\u00f3n de las horas extraordinarias de 122.000 euros a 50.000; as\u00ed como la reducci\u00f3n de las retribuciones de los miembros de la corporaci\u00f3n municipal\u00a0 un 40%\u00bb.<\/p>\n<p>Sin embargo, \u00abs\u00f3lo una de las cinco propuestas planteadas por el Partido Popular fueron realmente recogidas en el Plan de Ajuste que finalmente se present\u00f3 a la aprobaci\u00f3n en Pleno, lo cual evidencia una incapacidad del gobierno municipal de cesi\u00f3n y de voluntad de acuerdo para lograr un Plan en el que se integraran las opciones del Partido Popular\u00bb, siempre seg\u00fan las fuentes del PP.<\/p>\n<p>\u00abLas contradicciones internas en el seno del tripartito a la hora de valorar las propuestas planteadas por el Partido Popular alejaron la posibilidad de un verdadero acuerdo entre todos los grupos municipales\u00bb, aunque \u00abel Partido Popular sigue haciendo un llamamiento a un verdadero consenso y a la responsabilidad compartida del resto de fuerzas pol\u00edticas municipales, para alcanzar un acuerdo bueno para Bu\u00f1ol, que prime los intereses de los ciudadanos por encima de los de cualquier inter\u00e9s particular o de partido y no hipoteque al municipio en las pr\u00f3ximas tres legislaturas\u00bb.<\/p>\n","protected":false},"excerpt":{"rendered":"<div class=\"mh-excerpt\">Los Populares de Bu\u00f1ol, a trav\u00e9s de un comunicado oficial, ha lamentado que el gobierno tripartito de la localidad \u2014EU, PSOE e IA\u2014 \u00abhaya primado intereses personales y de partido en lugar de alcanzar verdaderos <a class=\"mh-excerpt-more\" href=\"https:\/\/www.tucomarca.com\/wordpress\/segunda\/los-populares-lamentan-que-un-tripartito-en-minoria-%c2%abhaya-primado-intereses-personales-y-de-partido-en-lugar-de-alcanzar-verdaderos-acuerdos-de-futuro-para-bunol%c2%bb\/\" title=\"Los Populares lamentan que un tripartito en minor\u00eda \u00abhaya primado intereses personales y de partido en lugar de alcanzar verdaderos acuerdos de futuro para Bu\u00f1ol\u00bb\">[+] <\/a><\/div>\n","protected":false},"author":1,"featured_media":0,"comment_status":"open","ping_status":"open","sticky":false,"template":"","format":"standard","meta":{"footnotes":""},"categories":[18,8,10,142,3],"tags":[],"class_list":{"0":"post-3517","1":"post","2":"type-post","3":"status-publish","4":"format-standard","6":"category-bunol","7":"category-la-comarca","8":"category-la-hoya","9":"category-politica-la-comarca","10":"category-seccion"},"_links":{"self":[{"href":"https:\/\/www.tucomarca.com\/wordpress\/segunda\/wp-json\/wp\/v2\/posts\/3517","targetHints":{"allow":["GET"]}}],"collection":[{"href":"https:\/\/www.tucomarca.com\/wordpress\/segunda\/wp-json\/wp\/v2\/posts"}],"about":[{"href":"https:\/\/www.tucomarca.com\/wordpress\/segunda\/wp-json\/wp\/v2\/types\/post"}],"author":[{"embeddable":true,"href":"https:\/\/www.tucomarca.com\/wordpress\/segunda\/wp-json\/wp\/v2\/users\/1"}],"replies":[{"embeddable":true,"href":"https:\/\/www.tucomarca.com\/wordpress\/segunda\/wp-json\/wp\/v2\/comments?post=3517"}],"version-history":[{"count":0,"href":"https:\/\/www.tucomarca.com\/wordpress\/segunda\/wp-json\/wp\/v2\/posts\/3517\/revisions"}],"wp:attachment":[{"href":"https:\/\/www.tucomarca.com\/wordpress\/segunda\/wp-json\/wp\/v2\/media?parent=3517"}],"wp:term":[{"taxonomy":"category","embeddable":true,"href":"https:\/\/www.tucomarca.com\/wordpress\/segunda\/wp-json\/wp\/v2\/categories?post=3517"},{"taxonomy":"post_tag","embeddable":true,"href":"https:\/\/www.tucomarca.com\/wordpress\/segunda\/wp-json\/wp\/v2\/tags?post=3517"}],"curies":[{"name":"wp","href":"https:\/\/api.w.org\/{rel}","templated":true}]}}