{"id":3526,"date":"2012-06-14T16:56:44","date_gmt":"2012-06-14T14:56:44","guid":{"rendered":"http:\/\/www.tucomarca.com\/wordpress\/segunda\/?p=3526"},"modified":"2012-06-14T16:56:44","modified_gmt":"2012-06-14T14:56:44","slug":"calienta-motores-el-triatlon-de-betera-a-celebrar-el-30-de-junio","status":"publish","type":"post","link":"https:\/\/www.tucomarca.com\/wordpress\/segunda\/calienta-motores-el-triatlon-de-betera-a-celebrar-el-30-de-junio\/","title":{"rendered":"Calienta motores el triatl\u00f3n de B\u00e9tera a celebrar el 30 de junio"},"content":{"rendered":"<p>El Triatl\u00f3n de B\u00e9tera ya se ve en el horizonte. Queda algo m\u00e1s de un par de semanas para la disputa de la octava edici\u00f3n de esta prueba del calendario de la Federaci\u00f3n de Triatl\u00f3n de la Comunitat Valenciana. El pr\u00f3ximo 30 de junio se disputar\u00e1 la prueba. Esta competici\u00f3n contar\u00e1 con muchas novedades este a\u00f1o. La principal es que servir\u00e1 de sede para la disputa del Campeonato Auton\u00f3mico en categor\u00eda j\u00fanior. As\u00ed que los mejores deportistas del territorio de la Comunitat Valenciana no fallar\u00e1n.<br \/>\nAsimismo, el Triatl\u00f3n de B\u00e9tera ser\u00e1 puntuable para la Liga de Clubes y contar\u00e1 con un matinal repleto de pruebas para ni\u00f1os, puesto que tambi\u00e9n ser\u00e1 una de las paradas de los Juegos Deportivos.<br \/>\nLa organizaci\u00f3n ha decidido aportar un valor a\u00f1adido a la inscripci\u00f3n, ya que dos euros de cada una de las inscripciones ser\u00e1n destinados a Mi Mundo Rett, una asociaci\u00f3n que lucha contra esta extra\u00f1a enfermedad. Los cinco primeros clasificados, adem\u00e1s, recibir\u00e1n un premio en met\u00e1lico como recompensa a un trabajo bien hecho.<br \/>\nLos triatletas comenzar\u00e1n con un segmento de nataci\u00f3n de 750 metros, seguir\u00e1n con una carrera en bicicleta de 23 km. y concluir\u00e1n con una carrera a pie de seis kil\u00f3metros.<\/p>\n","protected":false},"excerpt":{"rendered":"<div class=\"mh-excerpt\">El Triatl\u00f3n de B\u00e9tera ya se ve en el horizonte. Queda algo m\u00e1s de un par de semanas para la disputa de la octava edici\u00f3n de esta prueba del calendario de la Federaci\u00f3n de Triatl\u00f3n <a class=\"mh-excerpt-more\" href=\"https:\/\/www.tucomarca.com\/wordpress\/segunda\/calienta-motores-el-triatlon-de-betera-a-celebrar-el-30-de-junio\/\" title=\"Calienta motores el triatl\u00f3n de B\u00e9tera a celebrar el 30 de junio\">[+] <\/a><\/div>\n","protected":false},"author":2,"featured_media":0,"comment_status":"open","ping_status":"open","sticky":false,"template":"","format":"standard","meta":{"footnotes":""},"categories":[98,51,46,6,3],"tags":[299],"class_list":{"0":"post-3526","1":"post","2":"type-post","3":"status-publish","4":"format-standard","6":"category-atletismo","7":"category-betera","8":"category-camp-de-turia","9":"category-deportes","10":"category-seccion","11":"tag-atletismo-2"},"_links":{"self":[{"href":"https:\/\/www.tucomarca.com\/wordpress\/segunda\/wp-json\/wp\/v2\/posts\/3526","targetHints":{"allow":["GET"]}}],"collection":[{"href":"https:\/\/www.tucomarca.com\/wordpress\/segunda\/wp-json\/wp\/v2\/posts"}],"about":[{"href":"https:\/\/www.tucomarca.com\/wordpress\/segunda\/wp-json\/wp\/v2\/types\/post"}],"author":[{"embeddable":true,"href":"https:\/\/www.tucomarca.com\/wordpress\/segunda\/wp-json\/wp\/v2\/users\/2"}],"replies":[{"embeddable":true,"href":"https:\/\/www.tucomarca.com\/wordpress\/segunda\/wp-json\/wp\/v2\/comments?post=3526"}],"version-history":[{"count":0,"href":"https:\/\/www.tucomarca.com\/wordpress\/segunda\/wp-json\/wp\/v2\/posts\/3526\/revisions"}],"wp:attachment":[{"href":"https:\/\/www.tucomarca.com\/wordpress\/segunda\/wp-json\/wp\/v2\/media?parent=3526"}],"wp:term":[{"taxonomy":"category","embeddable":true,"href":"https:\/\/www.tucomarca.com\/wordpress\/segunda\/wp-json\/wp\/v2\/categories?post=3526"},{"taxonomy":"post_tag","embeddable":true,"href":"https:\/\/www.tucomarca.com\/wordpress\/segunda\/wp-json\/wp\/v2\/tags?post=3526"}],"curies":[{"name":"wp","href":"https:\/\/api.w.org\/{rel}","templated":true}]}}