{"id":3533,"date":"2012-06-14T17:15:23","date_gmt":"2012-06-14T15:15:23","guid":{"rendered":"http:\/\/www.tucomarca.com\/wordpress\/segunda\/?p=3533"},"modified":"2012-06-14T17:15:25","modified_gmt":"2012-06-14T15:15:25","slug":"los-desprendimientos-de-la-ladera-de-ademuz-pronto-seran-historia","status":"publish","type":"post","link":"https:\/\/www.tucomarca.com\/wordpress\/segunda\/los-desprendimientos-de-la-ladera-de-ademuz-pronto-seran-historia\/","title":{"rendered":"Los desprendimientos de la ladera de Ademuz pronto ser\u00e1n historia"},"content":{"rendered":"<div>\n<figure id=\"attachment_3535\" aria-describedby=\"caption-attachment-3535\" style=\"width: 300px\" class=\"wp-caption alignleft\"><a rel=\"attachment wp-att-3535\" href=\"https:\/\/www.tucomarca.com\/wordpress\/segunda\/?attachment_id=3535\"><img loading=\"lazy\" decoding=\"async\" class=\"size-medium wp-image-3535\" src=\"https:\/\/www.tucomarca.com\/wordpress\/segunda\/wp-content\/uploads\/2012\/06\/ademuz-300x195.jpg\" alt=\"\" width=\"300\" height=\"195\" srcset=\"https:\/\/www.tucomarca.com\/wordpress\/segunda\/wp-content\/uploads\/2012\/06\/ademuz-300x195.jpg 300w, https:\/\/www.tucomarca.com\/wordpress\/segunda\/wp-content\/uploads\/2012\/06\/ademuz-1024x667.jpg 1024w\" sizes=\"auto, (max-width: 300px) 100vw, 300px\" \/><\/a><figcaption id=\"caption-attachment-3535\" class=\"wp-caption-text\">Saludo de las autoridades pol\u00edticas. tc.c<\/figcaption><\/figure>\n<p>Salvador Enguix, diputado de Medio Ambiente, ha recibido al  alcalde de Ademuz, Fernando Soriano, que estuvo acompa\u00f1ado por los  t\u00e9cnicos municipales, Rafael Llacer y Javier Peris. En la reuni\u00f3n el primer edil de Ademuz ha solicitado ayuda para  terminar con los desprendimientos que se producen en la ladera del  municipio porque provocan situaciones de grave riesgo para la poblaci\u00f3n.  \u201cAhora que ya conocemos que la causa de los desprendimientos es una  fuga de agua, necesitamos la ayuda de la Diputaci\u00f3n para realizar la  actuaci\u00f3n y el diputado de Medio Ambiente se ha mostrado sensible con en  el tema\u201d, afirma Soriano.<br \/>\n\u201cPara los pueblos m\u00e1s peque\u00f1os la existencia de la Diputaci\u00f3n es  imprescindible pues ciertos proyectos no ser\u00edan realizables sin su  especial sensibilidad\u201d, finaliz\u00f3 Soriano.<\/p>\n<\/div>\n","protected":false},"excerpt":{"rendered":"<div class=\"mh-excerpt\">Salvador Enguix, diputado de Medio Ambiente, ha recibido al alcalde de Ademuz, Fernando Soriano, que estuvo acompa\u00f1ado por los t\u00e9cnicos municipales, Rafael Llacer y Javier Peris. En la reuni\u00f3n el primer edil de Ademuz ha <a class=\"mh-excerpt-more\" href=\"https:\/\/www.tucomarca.com\/wordpress\/segunda\/los-desprendimientos-de-la-ladera-de-ademuz-pronto-seran-historia\/\" title=\"Los desprendimientos de la ladera de Ademuz pronto ser\u00e1n historia\">[+] <\/a><\/div>\n","protected":false},"author":2,"featured_media":3535,"comment_status":"open","ping_status":"open","sticky":false,"template":"","format":"standard","meta":{"footnotes":""},"categories":[49,223,8,117,3,45],"tags":[301],"class_list":{"0":"post-3533","1":"post","2":"type-post","3":"status-publish","4":"format-standard","5":"has-post-thumbnail","7":"category-ademuz","8":"category-ademuz-ademuz","9":"category-la-comarca","10":"category-medio-ambiente-la-comarca","11":"category-seccion","12":"category-ventana","13":"tag-enguix"},"_links":{"self":[{"href":"https:\/\/www.tucomarca.com\/wordpress\/segunda\/wp-json\/wp\/v2\/posts\/3533","targetHints":{"allow":["GET"]}}],"collection":[{"href":"https:\/\/www.tucomarca.com\/wordpress\/segunda\/wp-json\/wp\/v2\/posts"}],"about":[{"href":"https:\/\/www.tucomarca.com\/wordpress\/segunda\/wp-json\/wp\/v2\/types\/post"}],"author":[{"embeddable":true,"href":"https:\/\/www.tucomarca.com\/wordpress\/segunda\/wp-json\/wp\/v2\/users\/2"}],"replies":[{"embeddable":true,"href":"https:\/\/www.tucomarca.com\/wordpress\/segunda\/wp-json\/wp\/v2\/comments?post=3533"}],"version-history":[{"count":0,"href":"https:\/\/www.tucomarca.com\/wordpress\/segunda\/wp-json\/wp\/v2\/posts\/3533\/revisions"}],"wp:featuredmedia":[{"embeddable":true,"href":"https:\/\/www.tucomarca.com\/wordpress\/segunda\/wp-json\/wp\/v2\/media\/3535"}],"wp:attachment":[{"href":"https:\/\/www.tucomarca.com\/wordpress\/segunda\/wp-json\/wp\/v2\/media?parent=3533"}],"wp:term":[{"taxonomy":"category","embeddable":true,"href":"https:\/\/www.tucomarca.com\/wordpress\/segunda\/wp-json\/wp\/v2\/categories?post=3533"},{"taxonomy":"post_tag","embeddable":true,"href":"https:\/\/www.tucomarca.com\/wordpress\/segunda\/wp-json\/wp\/v2\/tags?post=3533"}],"curies":[{"name":"wp","href":"https:\/\/api.w.org\/{rel}","templated":true}]}}