{"id":3546,"date":"2012-06-14T17:35:12","date_gmt":"2012-06-14T15:35:12","guid":{"rendered":"http:\/\/www.tucomarca.com\/wordpress\/segunda\/?p=3546"},"modified":"2012-06-14T17:35:13","modified_gmt":"2012-06-14T15:35:13","slug":"jose-vicente-marques-ya-ejerce-como-presidente-del-cd-cheste","status":"publish","type":"post","link":"https:\/\/www.tucomarca.com\/wordpress\/segunda\/jose-vicente-marques-ya-ejerce-como-presidente-del-cd-cheste\/","title":{"rendered":"Jos\u00e9 Vicente Marqu\u00e9s ya ejerce como presidente del CD Cheste"},"content":{"rendered":"<figure id=\"attachment_3547\" aria-describedby=\"caption-attachment-3547\" style=\"width: 275px\" class=\"wp-caption alignleft\"><a rel=\"attachment wp-att-3547\" href=\"https:\/\/www.tucomarca.com\/wordpress\/segunda\/?attachment_id=3547\"><img loading=\"lazy\" decoding=\"async\" class=\"size-medium wp-image-3547\" src=\"https:\/\/www.tucomarca.com\/wordpress\/segunda\/wp-content\/uploads\/2012\/06\/presicheste-275x300.jpg\" alt=\"\" width=\"275\" height=\"300\" srcset=\"https:\/\/www.tucomarca.com\/wordpress\/segunda\/wp-content\/uploads\/2012\/06\/presicheste-275x300.jpg 275w, https:\/\/www.tucomarca.com\/wordpress\/segunda\/wp-content\/uploads\/2012\/06\/presicheste.jpg 787w\" sizes=\"auto, (max-width: 275px) 100vw, 275px\" \/><\/a><figcaption id=\"caption-attachment-3547\" class=\"wp-caption-text\">Jos\u00e9 Vicente Marqu\u00e9s. tc.c<\/figcaption><\/figure>\n<p>La Junta General del CD Cheste confirm\u00f3 el nombramiento de Jos\u00e9 Vicente Marqu\u00e9s como nuevo presidente de la entidad tras la marcha del actual Hilario Cabrera y de su junta directiva. El ex presidente deja atr\u00e1s la \u00e9poca mas gloriosa del club con un campeonato en Primera Regional, dos ascensos a Regional Preferente, un descenso a Primera Regional, una promoci\u00f3n a Tercera Divisi\u00f3n la pasada temporada y la quinta posici\u00f3n en esta temporada.<\/p>\n<p>Renovaciones y altas<br \/>\nFuentes del CD Cheste han confirmado la continuidad de hombres como Solves, San Isidro, \u00c1lex Barba y\u00a0 Pelarda, adem\u00e1s de la vuelta del portero Nacho tras su paso por el Alginet B. En el cap\u00edtulo de novedades son alta Rub\u00e9n (CD Bu\u00f1ol)\u00a0 y el portero Miguel Ib\u00e1\u00f1ez (CD\u00a0 Massamagrell). Tambi\u00e9n realizar\u00e1n la pretemporada Miguel (Aldaia CF) y David Monz\u00f3 (UD Quart Juvenil).<\/p>\n<p>En la edici\u00f3n impresa de este semanario tienen una amplia entrevista con el m\u00e1ximo mandatario del club.<\/p>\n","protected":false},"excerpt":{"rendered":"<div class=\"mh-excerpt\">La Junta General del CD Cheste confirm\u00f3 el nombramiento de Jos\u00e9 Vicente Marqu\u00e9s como nuevo presidente de la entidad tras la marcha del actual Hilario Cabrera y de su junta directiva. El ex presidente deja <a class=\"mh-excerpt-more\" href=\"https:\/\/www.tucomarca.com\/wordpress\/segunda\/jose-vicente-marques-ya-ejerce-como-presidente-del-cd-cheste\/\" title=\"Jos\u00e9 Vicente Marqu\u00e9s ya ejerce como presidente del CD Cheste\">[+] <\/a><\/div>\n","protected":false},"author":2,"featured_media":3547,"comment_status":"open","ping_status":"open","sticky":false,"template":"","format":"standard","meta":{"footnotes":""},"categories":[50,17,6,10,3],"tags":[44],"class_list":{"0":"post-3546","1":"post","2":"type-post","3":"status-publish","4":"format-standard","5":"has-post-thumbnail","7":"category-futbol-deportes","8":"category-cheste","9":"category-deportes","10":"category-la-hoya","11":"category-seccion","12":"tag-futbol"},"_links":{"self":[{"href":"https:\/\/www.tucomarca.com\/wordpress\/segunda\/wp-json\/wp\/v2\/posts\/3546","targetHints":{"allow":["GET"]}}],"collection":[{"href":"https:\/\/www.tucomarca.com\/wordpress\/segunda\/wp-json\/wp\/v2\/posts"}],"about":[{"href":"https:\/\/www.tucomarca.com\/wordpress\/segunda\/wp-json\/wp\/v2\/types\/post"}],"author":[{"embeddable":true,"href":"https:\/\/www.tucomarca.com\/wordpress\/segunda\/wp-json\/wp\/v2\/users\/2"}],"replies":[{"embeddable":true,"href":"https:\/\/www.tucomarca.com\/wordpress\/segunda\/wp-json\/wp\/v2\/comments?post=3546"}],"version-history":[{"count":0,"href":"https:\/\/www.tucomarca.com\/wordpress\/segunda\/wp-json\/wp\/v2\/posts\/3546\/revisions"}],"wp:featuredmedia":[{"embeddable":true,"href":"https:\/\/www.tucomarca.com\/wordpress\/segunda\/wp-json\/wp\/v2\/media\/3547"}],"wp:attachment":[{"href":"https:\/\/www.tucomarca.com\/wordpress\/segunda\/wp-json\/wp\/v2\/media?parent=3546"}],"wp:term":[{"taxonomy":"category","embeddable":true,"href":"https:\/\/www.tucomarca.com\/wordpress\/segunda\/wp-json\/wp\/v2\/categories?post=3546"},{"taxonomy":"post_tag","embeddable":true,"href":"https:\/\/www.tucomarca.com\/wordpress\/segunda\/wp-json\/wp\/v2\/tags?post=3546"}],"curies":[{"name":"wp","href":"https:\/\/api.w.org\/{rel}","templated":true}]}}