{"id":3561,"date":"2012-06-15T10:14:43","date_gmt":"2012-06-15T08:14:43","guid":{"rendered":"http:\/\/www.tucomarca.com\/wordpress\/segunda\/?p=3561"},"modified":"2012-06-15T10:14:43","modified_gmt":"2012-06-15T08:14:43","slug":"ayora-agradece-a-la-diputacion-la-exposicion-%e2%80%9cabrigo-de-tortosilla%e2%80%9d-del-museu-de-prehistoria","status":"publish","type":"post","link":"https:\/\/www.tucomarca.com\/wordpress\/segunda\/ayora-agradece-a-la-diputacion-la-exposicion-%e2%80%9cabrigo-de-tortosilla%e2%80%9d-del-museu-de-prehistoria\/","title":{"rendered":"Ayora agradece a la Diputaci\u00f3n la exposici\u00f3n \u201cAbrigo de Tortosilla\u201d del Museu de Prehist\u00f2ria"},"content":{"rendered":"<figure id=\"attachment_3562\" aria-describedby=\"caption-attachment-3562\" style=\"width: 300px\" class=\"wp-caption alignleft\"><a href=\"https:\/\/www.tucomarca.com\/wordpress\/segunda\/wp-content\/uploads\/2012\/06\/alcaldeAyora.jpg\"><img loading=\"lazy\" decoding=\"async\" class=\"size-medium wp-image-3562\" title=\"alcaldeAyora\" src=\"https:\/\/www.tucomarca.com\/wordpress\/segunda\/wp-content\/uploads\/2012\/06\/alcaldeAyora-300x194.jpg\" alt=\"El alcalde de Ayora junto a la diputada de Cultura.\" width=\"300\" height=\"194\" srcset=\"https:\/\/www.tucomarca.com\/wordpress\/segunda\/wp-content\/uploads\/2012\/06\/alcaldeAyora-300x194.jpg 300w, https:\/\/www.tucomarca.com\/wordpress\/segunda\/wp-content\/uploads\/2012\/06\/alcaldeAyora-1024x665.jpg 1024w\" sizes=\"auto, (max-width: 300px) 100vw, 300px\" \/><\/a><figcaption id=\"caption-attachment-3562\" class=\"wp-caption-text\">El alcalde de Ayora junto a la diputada de Cultura.<\/figcaption><\/figure>\n<p>La diputada del \u00e1rea de Cultura, Mar\u00eda Jes\u00fas Puchalt, ha recibido este jueves en la sede de la Diputaci\u00f3n de Valencia al alcalde de Ayora, Jos\u00e9 Vicente Anaya, quien ha querido mostrar su agradecimiento a la Diputaci\u00f3n por su colaboraci\u00f3n en todos los proyectos que se llevan a cabo en el municipio.<\/p>\n<p>El alcalde ha agradecido la posibilidad de llevar a cabo una exposici\u00f3n en el Museo de Prehistoria de Valencia, que lleva por nombre \u201cAbrigo de Tortosilla\u201d, con constituye el primer conjunto de arte rupestre prehist\u00f3rico descubierto en la Comunidad Valencia, hace ahora 100 a\u00f1os. La muestra se exhibe desde el mes de marzo en el museo de la Diputaci\u00f3n de Valencia.<\/p>\n<p>Jos\u00e9 Vicente Anaya ha querido aprovechar la oportunidad de presentarle a la diputada la Memoria Anual con documentaci\u00f3n gr\u00e1fica de las jornadas celebradas en Tortosilla para invitarle a visitar el poblado ib\u00e9rico de Ayora.<\/p>\n<p>El alcalde ha mostrado su gratitud a la Diputaci\u00f3n de Valencia, con la que espera colaborar en muchos m\u00e1s proyectos como la creaci\u00f3n de un museo etnol\u00f3gico y la formaci\u00f3n de una escuela de danza en el municipio.<\/p>\n","protected":false},"excerpt":{"rendered":"<div class=\"mh-excerpt\">La diputada del \u00e1rea de Cultura, Mar\u00eda Jes\u00fas Puchalt, ha recibido este jueves en la sede de la Diputaci\u00f3n de Valencia al alcalde de Ayora, Jos\u00e9 Vicente Anaya, quien ha querido mostrar su agradecimiento a <a class=\"mh-excerpt-more\" href=\"https:\/\/www.tucomarca.com\/wordpress\/segunda\/ayora-agradece-a-la-diputacion-la-exposicion-%e2%80%9cabrigo-de-tortosilla%e2%80%9d-del-museu-de-prehistoria\/\" title=\"Ayora agradece a la Diputaci\u00f3n la exposici\u00f3n \u201cAbrigo de Tortosilla\u201d del Museu de Prehist\u00f2ria\">[+] <\/a><\/div>\n","protected":false},"author":1,"featured_media":3562,"comment_status":"open","ping_status":"open","sticky":false,"template":"","format":"standard","meta":{"footnotes":""},"categories":[39,38,8,3],"tags":[],"class_list":{"0":"post-3561","1":"post","2":"type-post","3":"status-publish","4":"format-standard","5":"has-post-thumbnail","7":"category-ayora","8":"category-ayora-cofrentes","9":"category-la-comarca","10":"category-seccion"},"_links":{"self":[{"href":"https:\/\/www.tucomarca.com\/wordpress\/segunda\/wp-json\/wp\/v2\/posts\/3561","targetHints":{"allow":["GET"]}}],"collection":[{"href":"https:\/\/www.tucomarca.com\/wordpress\/segunda\/wp-json\/wp\/v2\/posts"}],"about":[{"href":"https:\/\/www.tucomarca.com\/wordpress\/segunda\/wp-json\/wp\/v2\/types\/post"}],"author":[{"embeddable":true,"href":"https:\/\/www.tucomarca.com\/wordpress\/segunda\/wp-json\/wp\/v2\/users\/1"}],"replies":[{"embeddable":true,"href":"https:\/\/www.tucomarca.com\/wordpress\/segunda\/wp-json\/wp\/v2\/comments?post=3561"}],"version-history":[{"count":0,"href":"https:\/\/www.tucomarca.com\/wordpress\/segunda\/wp-json\/wp\/v2\/posts\/3561\/revisions"}],"wp:featuredmedia":[{"embeddable":true,"href":"https:\/\/www.tucomarca.com\/wordpress\/segunda\/wp-json\/wp\/v2\/media\/3562"}],"wp:attachment":[{"href":"https:\/\/www.tucomarca.com\/wordpress\/segunda\/wp-json\/wp\/v2\/media?parent=3561"}],"wp:term":[{"taxonomy":"category","embeddable":true,"href":"https:\/\/www.tucomarca.com\/wordpress\/segunda\/wp-json\/wp\/v2\/categories?post=3561"},{"taxonomy":"post_tag","embeddable":true,"href":"https:\/\/www.tucomarca.com\/wordpress\/segunda\/wp-json\/wp\/v2\/tags?post=3561"}],"curies":[{"name":"wp","href":"https:\/\/api.w.org\/{rel}","templated":true}]}}