{"id":3565,"date":"2012-06-15T10:18:26","date_gmt":"2012-06-15T08:18:26","guid":{"rendered":"http:\/\/www.tucomarca.com\/wordpress\/segunda\/?p=3565"},"modified":"2012-06-15T10:26:46","modified_gmt":"2012-06-15T08:26:46","slug":"video-noticia-requena-cuenta-con-la-primera-escuela-para-la-formacion-profesional-en-apicultura","status":"publish","type":"post","link":"https:\/\/www.tucomarca.com\/wordpress\/segunda\/video-noticia-requena-cuenta-con-la-primera-escuela-para-la-formacion-profesional-en-apicultura\/","title":{"rendered":"V\u00eddeo noticia: Requena cuenta con la primera escuela para la formaci\u00f3n profesional en Apicultura"},"content":{"rendered":"<p>Aqu\u00ed ten\u00e9is la v\u00eddeo noticia sobre la Escuela de Capataces de Requena, que cuenta con la primera escuela profesional en Apicultura.<\/p>\n","protected":false},"excerpt":{"rendered":"<div class=\"mh-excerpt\">Aqu\u00ed ten\u00e9is la v\u00eddeo noticia sobre la Escuela de Capataces de Requena, que cuenta con la primera escuela profesional en Apicultura.<\/div>\n","protected":false},"author":1,"featured_media":0,"comment_status":"open","ping_status":"open","sticky":false,"template":"","format":"standard","meta":{"footnotes":""},"categories":[169,8,28,27,3,26],"tags":[],"class_list":{"0":"post-3565","1":"post","2":"type-post","3":"status-publish","4":"format-standard","6":"category-agricultura-la-comarca","7":"category-la-comarca","8":"category-requena","9":"category-requena-utiel","10":"category-seccion","11":"category-video"},"_links":{"self":[{"href":"https:\/\/www.tucomarca.com\/wordpress\/segunda\/wp-json\/wp\/v2\/posts\/3565","targetHints":{"allow":["GET"]}}],"collection":[{"href":"https:\/\/www.tucomarca.com\/wordpress\/segunda\/wp-json\/wp\/v2\/posts"}],"about":[{"href":"https:\/\/www.tucomarca.com\/wordpress\/segunda\/wp-json\/wp\/v2\/types\/post"}],"author":[{"embeddable":true,"href":"https:\/\/www.tucomarca.com\/wordpress\/segunda\/wp-json\/wp\/v2\/users\/1"}],"replies":[{"embeddable":true,"href":"https:\/\/www.tucomarca.com\/wordpress\/segunda\/wp-json\/wp\/v2\/comments?post=3565"}],"version-history":[{"count":0,"href":"https:\/\/www.tucomarca.com\/wordpress\/segunda\/wp-json\/wp\/v2\/posts\/3565\/revisions"}],"wp:attachment":[{"href":"https:\/\/www.tucomarca.com\/wordpress\/segunda\/wp-json\/wp\/v2\/media?parent=3565"}],"wp:term":[{"taxonomy":"category","embeddable":true,"href":"https:\/\/www.tucomarca.com\/wordpress\/segunda\/wp-json\/wp\/v2\/categories?post=3565"},{"taxonomy":"post_tag","embeddable":true,"href":"https:\/\/www.tucomarca.com\/wordpress\/segunda\/wp-json\/wp\/v2\/tags?post=3565"}],"curies":[{"name":"wp","href":"https:\/\/api.w.org\/{rel}","templated":true}]}}