{"id":3567,"date":"2012-06-15T10:23:34","date_gmt":"2012-06-15T08:23:34","guid":{"rendered":"http:\/\/www.tucomarca.com\/wordpress\/segunda\/?p=3567"},"modified":"2012-06-15T10:26:03","modified_gmt":"2012-06-15T08:26:03","slug":"video-noticia-valencia-terra-i-mar-y-el-ayuntamiento-de-cheste-juntos-durante-el-gran-premio-de-motociclismo","status":"publish","type":"post","link":"https:\/\/www.tucomarca.com\/wordpress\/segunda\/video-noticia-valencia-terra-i-mar-y-el-ayuntamiento-de-cheste-juntos-durante-el-gran-premio-de-motociclismo\/","title":{"rendered":"V\u00eddeo noticia: Val\u00e8ncia, Terra i Mar y el Ayuntamiento de Cheste, juntos durante el Gran Premio de Motociclismo"},"content":{"rendered":"<p>El alcalde de Cheste, David Dom\u00e9nech, ha conseguido el compromiso del diputado de Turismo, Ernesto Sanju\u00e1n, para la promoci\u00f3n del municipio durante la celebraci\u00f3n del Gran Premio de Motociclismo a celebrar el pr\u00f3ximo mes de noviembre en el circuito Ricardo Tormo.<\/p>\n","protected":false},"excerpt":{"rendered":"<div class=\"mh-excerpt\">El alcalde de Cheste, David Dom\u00e9nech, ha conseguido el compromiso del diputado de Turismo, Ernesto Sanju\u00e1n, para la promoci\u00f3n del municipio durante la celebraci\u00f3n del Gran Premio de Motociclismo a celebrar el pr\u00f3ximo mes de <a class=\"mh-excerpt-more\" href=\"https:\/\/www.tucomarca.com\/wordpress\/segunda\/video-noticia-valencia-terra-i-mar-y-el-ayuntamiento-de-cheste-juntos-durante-el-gran-premio-de-motociclismo\/\" title=\"V\u00eddeo noticia: Val\u00e8ncia, Terra i Mar y el Ayuntamiento de Cheste, juntos durante el Gran Premio de Motociclismo\">[+] <\/a><\/div>\n","protected":false},"author":1,"featured_media":0,"comment_status":"open","ping_status":"open","sticky":false,"template":"","format":"standard","meta":{"footnotes":""},"categories":[17,6,8,10,91,3,26],"tags":[],"class_list":{"0":"post-3567","1":"post","2":"type-post","3":"status-publish","4":"format-standard","6":"category-cheste","7":"category-deportes","8":"category-la-comarca","9":"category-la-hoya","10":"category-motociclismo","11":"category-seccion","12":"category-video"},"_links":{"self":[{"href":"https:\/\/www.tucomarca.com\/wordpress\/segunda\/wp-json\/wp\/v2\/posts\/3567","targetHints":{"allow":["GET"]}}],"collection":[{"href":"https:\/\/www.tucomarca.com\/wordpress\/segunda\/wp-json\/wp\/v2\/posts"}],"about":[{"href":"https:\/\/www.tucomarca.com\/wordpress\/segunda\/wp-json\/wp\/v2\/types\/post"}],"author":[{"embeddable":true,"href":"https:\/\/www.tucomarca.com\/wordpress\/segunda\/wp-json\/wp\/v2\/users\/1"}],"replies":[{"embeddable":true,"href":"https:\/\/www.tucomarca.com\/wordpress\/segunda\/wp-json\/wp\/v2\/comments?post=3567"}],"version-history":[{"count":0,"href":"https:\/\/www.tucomarca.com\/wordpress\/segunda\/wp-json\/wp\/v2\/posts\/3567\/revisions"}],"wp:attachment":[{"href":"https:\/\/www.tucomarca.com\/wordpress\/segunda\/wp-json\/wp\/v2\/media?parent=3567"}],"wp:term":[{"taxonomy":"category","embeddable":true,"href":"https:\/\/www.tucomarca.com\/wordpress\/segunda\/wp-json\/wp\/v2\/categories?post=3567"},{"taxonomy":"post_tag","embeddable":true,"href":"https:\/\/www.tucomarca.com\/wordpress\/segunda\/wp-json\/wp\/v2\/tags?post=3567"}],"curies":[{"name":"wp","href":"https:\/\/api.w.org\/{rel}","templated":true}]}}