{"id":35673,"date":"2015-04-15T19:27:16","date_gmt":"2015-04-15T16:27:16","guid":{"rendered":"http:\/\/www.tucomarca.com\/wordpress\/segunda\/?p=35673"},"modified":"2015-04-15T19:34:21","modified_gmt":"2015-04-15T16:34:21","slug":"mayores-de-godelleta-y-san-antonio-de-requena-participan-en-el-%e2%80%9csona-valencia%e2%80%9d","status":"publish","type":"post","link":"https:\/\/www.tucomarca.com\/wordpress\/segunda\/mayores-de-godelleta-y-san-antonio-de-requena-participan-en-el-%e2%80%9csona-valencia%e2%80%9d\/","title":{"rendered":"Mayores de Godelleta y San Antonio de Requena participan en el \u201cSona Val\u00e8ncia\u201d"},"content":{"rendered":"<p><figure id=\"attachment_35674\" aria-describedby=\"caption-attachment-35674\" style=\"width: 300px\" class=\"wp-caption alignleft\"><a href=\"https:\/\/www.tucomarca.com\/wordpress\/segunda\/2015\/04\/mayores-de-godelleta-y-san-antonio-de-requena-participan-en-el-%e2%80%9csona-valencia%e2%80%9d\/majors-godelleta\/\" rel=\"attachment wp-att-35674\"><img loading=\"lazy\" decoding=\"async\" src=\"https:\/\/www.tucomarca.com\/wordpress\/segunda\/wp-content\/uploads\/2015\/04\/Majors-Godelleta-300x194.jpg\" alt=\"\" title=\"Majors Godelleta\" width=\"300\" height=\"194\" class=\"size-medium wp-image-35674\" srcset=\"https:\/\/www.tucomarca.com\/wordpress\/segunda\/wp-content\/uploads\/2015\/04\/Majors-Godelleta-300x194.jpg 300w, https:\/\/www.tucomarca.com\/wordpress\/segunda\/wp-content\/uploads\/2015\/04\/Majors-Godelleta-1024x665.jpg 1024w\" sizes=\"auto, (max-width: 300px) 100vw, 300px\" \/><\/a><figcaption id=\"caption-attachment-35674\" class=\"wp-caption-text\">La delegaci\u00f3n godelletana durante su visita a la Diputaci\u00f3n. tc.c<\/figcaption><\/figure>El programa organizado por la Diputaci\u00f3n de Valencia, \u00abSona Val\u00e8ncia per als Majors\u00bb, ha reunido este mi\u00e9rcoles a cientos de mayores procedentes de las localidades de Godelleta y San Antonio de Requena en una jornada de visita a la corporaci\u00f3n provincial, al MuVim y a la Benefic\u00e8ncia.<\/p>\n<p>Tras el tradicional recorrido por los palacios de Scala y Batlia, que conforman la sede de la instituci\u00f3n provincial, los vecinos de ambos pueblos han continuado la excursi\u00f3n en la plaza de toros y, posteriormente, se han trasladado a la Beneficencia para disfrutar de una comida de hermandad y un espect\u00e1culo musical.<\/p>\n<p>El encuentro en La Benefic\u00e8ncia ha contado con la presencia de la diputada de Bienestar Social, Amparo Mora, quien ha compartido el espect\u00e1culo musical.<\/p>\n<p>Mora ha querido destacar que estos encuentros \u201cse crearon hace casi ocho a\u00f1os con el objetivo de que los vecinos de la provincia pudieran conocer el patrimonio de la Diputaci\u00f3n\u201d.<\/p>\n<p>Adem\u00e1s, la diputada de Bienestar Social ha recalcado que \u201cla instituci\u00f3n provincial pertenece a todos los habitantes de la provincia por lo que se intenta que todos los municipios tengan las necesidades cubiertas\u201d.<\/p>\n<p>El alcalde de Godelleta, Salvador Mar\u00edn, y el presidente de la asociaci\u00f3n de Jubilados del municipio, Ramiro P\u00e9rez, junto a la alcaldesa, Alicia Pardo y Antonio Hern\u00e1ndez, presidente de la asociaci\u00f3n de jubilados de San Antonio de Requena, han acompa\u00f1ado a los godelletanos durante toda la jornada.<\/p>\n<p>Para Mar\u00edn, esta experiencia ha sido \u201cmuy acertada porque es importante conocer todo lo que hay en Valencia y si es por medio de la Diputaci\u00f3n, que siempre est\u00e1 al lado de los pueblos peque\u00f1os, mucho mejor\u201d.<\/p>\n<p> Por su parte, la alcaldesa Pardo ha manifestado su deseo de \u201crepetir estas vistas para que la gente que no haya podido asistir, venga a disfrutar del d\u00eda tan estupendo que hemos pasado\u201d.<\/p>\n<p>El presidente de la Asociaci\u00f3n de Jubilados de San Antonio de Requena, coincidiendo con el presidente de la Asociaci\u00f3n de Jubilados de Godelleta, ha agradecido a la Diputaci\u00f3n la existencia de estas visitas que \u201cno deber\u00edan ser una vez en la vida\u201d.<\/p>\n<p>Teleasistencia y viajes sociales<\/p>\n<p>Sobre la teleasistencia, Amparo Mora ha comentado que \u201cen estas semanas estamos instalando 100 nuevos dispositivos al d\u00eda y es algo tan necesario que, valga lo que valga, lo vamos a mantener\u201d.<\/p>\n<p> En cuanto al turismo social, Mora ha explicado que el programa de \u201cViajes sociales por el turismo hotelero\u201d, por el que han pasado ya 40.000 personas, est\u00e1 funcionando bien porque la gente mayor \u201csale de casa cinco d\u00edas con todo incluido, incluso excursiones, por menos de 100 euros\u201d.<\/p>\n","protected":false},"excerpt":{"rendered":"<div class=\"mh-excerpt\">El programa organizado por la Diputaci\u00f3n de Valencia, \u00abSona Val\u00e8ncia per als Majors\u00bb, ha reunido este mi\u00e9rcoles a cientos de mayores procedentes de las localidades de Godelleta y San Antonio de Requena en una jornada <a class=\"mh-excerpt-more\" href=\"https:\/\/www.tucomarca.com\/wordpress\/segunda\/mayores-de-godelleta-y-san-antonio-de-requena-participan-en-el-%e2%80%9csona-valencia%e2%80%9d\/\" title=\"Mayores de Godelleta y San Antonio de Requena participan en el \u201cSona Val\u00e8ncia\u201d\">[+] <\/a><\/div>\n","protected":false},"author":2,"featured_media":35674,"comment_status":"open","ping_status":"open","sticky":false,"template":"","format":"standard","meta":{"footnotes":""},"categories":[14,8,10,27,140,3,45],"tags":[7512,10383,1853,7513],"class_list":{"0":"post-35673","1":"post","2":"type-post","3":"status-publish","4":"format-standard","5":"has-post-thumbnail","7":"category-godelleta","8":"category-la-comarca","9":"category-la-hoya","10":"category-requena-utiel","11":"category-san-antonio","12":"category-seccion","13":"category-ventana","14":"tag-diputacon","15":"tag-godelleta","16":"tag-majors","17":"tag-san-antonio-requena"},"_links":{"self":[{"href":"https:\/\/www.tucomarca.com\/wordpress\/segunda\/wp-json\/wp\/v2\/posts\/35673","targetHints":{"allow":["GET"]}}],"collection":[{"href":"https:\/\/www.tucomarca.com\/wordpress\/segunda\/wp-json\/wp\/v2\/posts"}],"about":[{"href":"https:\/\/www.tucomarca.com\/wordpress\/segunda\/wp-json\/wp\/v2\/types\/post"}],"author":[{"embeddable":true,"href":"https:\/\/www.tucomarca.com\/wordpress\/segunda\/wp-json\/wp\/v2\/users\/2"}],"replies":[{"embeddable":true,"href":"https:\/\/www.tucomarca.com\/wordpress\/segunda\/wp-json\/wp\/v2\/comments?post=35673"}],"version-history":[{"count":0,"href":"https:\/\/www.tucomarca.com\/wordpress\/segunda\/wp-json\/wp\/v2\/posts\/35673\/revisions"}],"wp:featuredmedia":[{"embeddable":true,"href":"https:\/\/www.tucomarca.com\/wordpress\/segunda\/wp-json\/wp\/v2\/media\/35674"}],"wp:attachment":[{"href":"https:\/\/www.tucomarca.com\/wordpress\/segunda\/wp-json\/wp\/v2\/media?parent=35673"}],"wp:term":[{"taxonomy":"category","embeddable":true,"href":"https:\/\/www.tucomarca.com\/wordpress\/segunda\/wp-json\/wp\/v2\/categories?post=35673"},{"taxonomy":"post_tag","embeddable":true,"href":"https:\/\/www.tucomarca.com\/wordpress\/segunda\/wp-json\/wp\/v2\/tags?post=35673"}],"curies":[{"name":"wp","href":"https:\/\/api.w.org\/{rel}","templated":true}]}}