{"id":35848,"date":"2015-04-21T19:59:02","date_gmt":"2015-04-21T16:59:02","guid":{"rendered":"http:\/\/www.tucomarca.com\/wordpress\/segunda\/?p=35848"},"modified":"2015-04-21T19:59:02","modified_gmt":"2015-04-21T16:59:02","slug":"utiel-vuelve-a-crear-empleo-en-el-mes-de-marzo","status":"publish","type":"post","link":"https:\/\/www.tucomarca.com\/wordpress\/segunda\/utiel-vuelve-a-crear-empleo-en-el-mes-de-marzo\/","title":{"rendered":"Utiel vuelve a crear empleo en el mes de marzo"},"content":{"rendered":"<p>El municipio de Utiel vuelve a registrar un descenso de paro en el mes de marzo, un 2,56 por ciento menos que en el mes de febrero. Respecto a la variaci\u00f3n interanual, la disminuci\u00f3n es del 13 por ciento.<br \/>\nSeg\u00fan la creaci\u00f3n de empleo por sectores, la construcci\u00f3n destaca con un descenso anual del paro del 44,55 por ciento, seguido del \u00e1mbito industrial con un 28,35 por ciento de bajada. Por edad, las personas entre 25 y 44 a\u00f1os han sido el sector poblacional con mayor descenso del paro.<br \/>\nEl paro registrado en Utiel ya se sit\u00faa por debajo del recogido en 2011, acerc\u00e1ndose a los datos de desempleo del a\u00f1o 2010. Utiel es el municipio con menor \u00edndice de desempleo entre las poblaciones de los alrededores con similar n\u00famero de habitantes.<\/p>\n","protected":false},"excerpt":{"rendered":"<div class=\"mh-excerpt\">El municipio de Utiel vuelve a registrar un descenso de paro en el mes de marzo, un 2,56 por ciento menos que en el mes de febrero. Respecto a la variaci\u00f3n interanual, la disminuci\u00f3n es <a class=\"mh-excerpt-more\" href=\"https:\/\/www.tucomarca.com\/wordpress\/segunda\/utiel-vuelve-a-crear-empleo-en-el-mes-de-marzo\/\" title=\"Utiel vuelve a crear empleo en el mes de marzo\">[+] <\/a><\/div>\n","protected":false},"author":2,"featured_media":0,"comment_status":"open","ping_status":"open","sticky":false,"template":"","format":"standard","meta":{"footnotes":""},"categories":[8,142,27,3,29],"tags":[7556,68,3905,10389],"class_list":{"0":"post-35848","1":"post","2":"type-post","3":"status-publish","4":"format-standard","6":"category-la-comarca","7":"category-politica-la-comarca","8":"category-requena-utiel","9":"category-seccion","10":"category-utiel","11":"tag-crea","12":"tag-empleo","13":"tag-mes-de-marzo","14":"tag-utiel"},"_links":{"self":[{"href":"https:\/\/www.tucomarca.com\/wordpress\/segunda\/wp-json\/wp\/v2\/posts\/35848","targetHints":{"allow":["GET"]}}],"collection":[{"href":"https:\/\/www.tucomarca.com\/wordpress\/segunda\/wp-json\/wp\/v2\/posts"}],"about":[{"href":"https:\/\/www.tucomarca.com\/wordpress\/segunda\/wp-json\/wp\/v2\/types\/post"}],"author":[{"embeddable":true,"href":"https:\/\/www.tucomarca.com\/wordpress\/segunda\/wp-json\/wp\/v2\/users\/2"}],"replies":[{"embeddable":true,"href":"https:\/\/www.tucomarca.com\/wordpress\/segunda\/wp-json\/wp\/v2\/comments?post=35848"}],"version-history":[{"count":0,"href":"https:\/\/www.tucomarca.com\/wordpress\/segunda\/wp-json\/wp\/v2\/posts\/35848\/revisions"}],"wp:attachment":[{"href":"https:\/\/www.tucomarca.com\/wordpress\/segunda\/wp-json\/wp\/v2\/media?parent=35848"}],"wp:term":[{"taxonomy":"category","embeddable":true,"href":"https:\/\/www.tucomarca.com\/wordpress\/segunda\/wp-json\/wp\/v2\/categories?post=35848"},{"taxonomy":"post_tag","embeddable":true,"href":"https:\/\/www.tucomarca.com\/wordpress\/segunda\/wp-json\/wp\/v2\/tags?post=35848"}],"curies":[{"name":"wp","href":"https:\/\/api.w.org\/{rel}","templated":true}]}}