{"id":35863,"date":"2015-04-23T10:38:01","date_gmt":"2015-04-23T07:38:01","guid":{"rendered":"http:\/\/www.tucomarca.com\/wordpress\/segunda\/?p=35863"},"modified":"2015-04-23T10:38:01","modified_gmt":"2015-04-23T07:38:01","slug":"presentacion-en-utiel-del-libro-de-pedro-jose-saez-murciano","status":"publish","type":"post","link":"https:\/\/www.tucomarca.com\/wordpress\/segunda\/presentacion-en-utiel-del-libro-de-pedro-jose-saez-murciano\/","title":{"rendered":"Presentaci\u00f3n en Utiel del libro de Pedro Jos\u00e9 S\u00e1ez Murciano"},"content":{"rendered":"<p>El Sal\u00f3n de Actos de la Casa de Cultura de Utiel acoge este viernes 24 de abril, a partir de las 19,30 horas, la presentaci\u00f3n del libro \u201cLa tentaci\u00f3n\u201c de Pedro Jos\u00e9 S\u00e1ez Murciano.<\/p>\n","protected":false},"excerpt":{"rendered":"<div class=\"mh-excerpt\">El Sal\u00f3n de Actos de la Casa de Cultura de Utiel acoge este viernes 24 de abril, a partir de las 19,30 horas, la presentaci\u00f3n del libro \u201cLa tentaci\u00f3n\u201c de Pedro Jos\u00e9 S\u00e1ez Murciano.<\/div>\n","protected":false},"author":2,"featured_media":0,"comment_status":"open","ping_status":"open","sticky":false,"template":"","format":"standard","meta":{"footnotes":""},"categories":[4,3],"tags":[],"class_list":{"0":"post-35863","1":"post","2":"type-post","3":"status-publish","4":"format-standard","6":"category-agenda","7":"category-seccion"},"_links":{"self":[{"href":"https:\/\/www.tucomarca.com\/wordpress\/segunda\/wp-json\/wp\/v2\/posts\/35863","targetHints":{"allow":["GET"]}}],"collection":[{"href":"https:\/\/www.tucomarca.com\/wordpress\/segunda\/wp-json\/wp\/v2\/posts"}],"about":[{"href":"https:\/\/www.tucomarca.com\/wordpress\/segunda\/wp-json\/wp\/v2\/types\/post"}],"author":[{"embeddable":true,"href":"https:\/\/www.tucomarca.com\/wordpress\/segunda\/wp-json\/wp\/v2\/users\/2"}],"replies":[{"embeddable":true,"href":"https:\/\/www.tucomarca.com\/wordpress\/segunda\/wp-json\/wp\/v2\/comments?post=35863"}],"version-history":[{"count":0,"href":"https:\/\/www.tucomarca.com\/wordpress\/segunda\/wp-json\/wp\/v2\/posts\/35863\/revisions"}],"wp:attachment":[{"href":"https:\/\/www.tucomarca.com\/wordpress\/segunda\/wp-json\/wp\/v2\/media?parent=35863"}],"wp:term":[{"taxonomy":"category","embeddable":true,"href":"https:\/\/www.tucomarca.com\/wordpress\/segunda\/wp-json\/wp\/v2\/categories?post=35863"},{"taxonomy":"post_tag","embeddable":true,"href":"https:\/\/www.tucomarca.com\/wordpress\/segunda\/wp-json\/wp\/v2\/tags?post=35863"}],"curies":[{"name":"wp","href":"https:\/\/api.w.org\/{rel}","templated":true}]}}