{"id":36121,"date":"2015-04-28T19:41:19","date_gmt":"2015-04-28T16:41:19","guid":{"rendered":"http:\/\/www.tucomarca.com\/wordpress\/segunda\/?p=36121"},"modified":"2015-04-28T19:41:23","modified_gmt":"2015-04-28T16:41:23","slug":"rus-participa-en-la-presentacion-de-los-candidatos-del-camp-de-turia","status":"publish","type":"post","link":"https:\/\/www.tucomarca.com\/wordpress\/segunda\/rus-participa-en-la-presentacion-de-los-candidatos-del-camp-de-turia\/","title":{"rendered":"Rus participa en la presentaci\u00f3n de los candidatos del Camp de T\u00faria"},"content":{"rendered":"<p><figure id=\"attachment_36122\" aria-describedby=\"caption-attachment-36122\" style=\"width: 300px\" class=\"wp-caption alignleft\"><a href=\"https:\/\/www.tucomarca.com\/wordpress\/segunda\/2015\/04\/rus-participa-en-la-presentacion-de-los-candidatos-del-camp-de-turia\/pp-camp-de-turia\/\" rel=\"attachment wp-att-36122\"><img loading=\"lazy\" decoding=\"async\" src=\"https:\/\/www.tucomarca.com\/wordpress\/segunda\/wp-content\/uploads\/2015\/04\/PP-camp-de-turia-e1430239248526-300x146.jpg\" alt=\"\" title=\"PP camp de turia\" width=\"300\" height=\"146\" class=\"size-medium wp-image-36122\" srcset=\"https:\/\/www.tucomarca.com\/wordpress\/segunda\/wp-content\/uploads\/2015\/04\/PP-camp-de-turia-e1430239248526-300x146.jpg 300w, https:\/\/www.tucomarca.com\/wordpress\/segunda\/wp-content\/uploads\/2015\/04\/PP-camp-de-turia-e1430239248526-1024x498.jpg 1024w\" sizes=\"auto, (max-width: 300px) 100vw, 300px\" \/><\/a><figcaption id=\"caption-attachment-36122\" class=\"wp-caption-text\">Candidatos del Camp de T\u00faria acompa\u00f1ados por Rus. tc.c<\/figcaption><\/figure>El presidente del Partido Popular de la provincia de Valencia, Alfonso Rus, asisti\u00f3 anoche al acto de proclamaci\u00f3n de todos los candidatos a las alcald\u00edas de la comarca de Camp de T\u00faria. Rus, que destac\u00f3 el talante de los dirigentes populares \u201cque priman el bienestar de sus vecinos al r\u00e9dito electoral\u201d y puso como ejemplo el papel de la Diputaci\u00f3n de Valencia con todos los municipios de la provincia, anim\u00f3 a los presentes a \u201ctener mucha fuerza y no agachar la cabeza porque el que la agacha es porque debe algo\u201d. El presidente provincial asegur\u00f3 estar \u201cmuy tranquilo e ilusionado\u201d ante los pr\u00f3ximos comicios. El acto tuvo lugar en el auditorio municipal de l&#8217;Eliana.<\/p>\n","protected":false},"excerpt":{"rendered":"<div class=\"mh-excerpt\">El presidente del Partido Popular de la provincia de Valencia, Alfonso Rus, asisti\u00f3 anoche al acto de proclamaci\u00f3n de todos los candidatos a las alcald\u00edas de la comarca de Camp de T\u00faria. Rus, que destac\u00f3 <a class=\"mh-excerpt-more\" href=\"https:\/\/www.tucomarca.com\/wordpress\/segunda\/rus-participa-en-la-presentacion-de-los-candidatos-del-camp-de-turia\/\" title=\"Rus participa en la presentaci\u00f3n de los candidatos del Camp de T\u00faria\">[+] <\/a><\/div>\n","protected":false},"author":2,"featured_media":36122,"comment_status":"open","ping_status":"open","sticky":false,"template":"","format":"standard","meta":{"footnotes":""},"categories":[46,8,142,3,45],"tags":[10395,5862,4229,63,614,636],"class_list":{"0":"post-36121","1":"post","2":"type-post","3":"status-publish","4":"format-standard","5":"has-post-thumbnail","7":"category-camp-de-turia","8":"category-la-comarca","9":"category-politica-la-comarca","10":"category-seccion","11":"category-ventana","12":"tag-camp-de-turia","13":"tag-candidatura","14":"tag-participa","15":"tag-pp","16":"tag-presentacion","17":"tag-rus"},"_links":{"self":[{"href":"https:\/\/www.tucomarca.com\/wordpress\/segunda\/wp-json\/wp\/v2\/posts\/36121","targetHints":{"allow":["GET"]}}],"collection":[{"href":"https:\/\/www.tucomarca.com\/wordpress\/segunda\/wp-json\/wp\/v2\/posts"}],"about":[{"href":"https:\/\/www.tucomarca.com\/wordpress\/segunda\/wp-json\/wp\/v2\/types\/post"}],"author":[{"embeddable":true,"href":"https:\/\/www.tucomarca.com\/wordpress\/segunda\/wp-json\/wp\/v2\/users\/2"}],"replies":[{"embeddable":true,"href":"https:\/\/www.tucomarca.com\/wordpress\/segunda\/wp-json\/wp\/v2\/comments?post=36121"}],"version-history":[{"count":0,"href":"https:\/\/www.tucomarca.com\/wordpress\/segunda\/wp-json\/wp\/v2\/posts\/36121\/revisions"}],"wp:featuredmedia":[{"embeddable":true,"href":"https:\/\/www.tucomarca.com\/wordpress\/segunda\/wp-json\/wp\/v2\/media\/36122"}],"wp:attachment":[{"href":"https:\/\/www.tucomarca.com\/wordpress\/segunda\/wp-json\/wp\/v2\/media?parent=36121"}],"wp:term":[{"taxonomy":"category","embeddable":true,"href":"https:\/\/www.tucomarca.com\/wordpress\/segunda\/wp-json\/wp\/v2\/categories?post=36121"},{"taxonomy":"post_tag","embeddable":true,"href":"https:\/\/www.tucomarca.com\/wordpress\/segunda\/wp-json\/wp\/v2\/tags?post=36121"}],"curies":[{"name":"wp","href":"https:\/\/api.w.org\/{rel}","templated":true}]}}