{"id":36171,"date":"2015-04-29T13:34:09","date_gmt":"2015-04-29T10:34:09","guid":{"rendered":"http:\/\/www.tucomarca.com\/wordpress\/segunda\/?p=36171"},"modified":"2015-04-29T13:34:15","modified_gmt":"2015-04-29T10:34:15","slug":"loriguilla-y-godella-disfrutan-de-una-jornada-en-la-capital-con-%e2%80%9csona-valencia%e2%80%9d","status":"publish","type":"post","link":"https:\/\/www.tucomarca.com\/wordpress\/segunda\/loriguilla-y-godella-disfrutan-de-una-jornada-en-la-capital-con-%e2%80%9csona-valencia%e2%80%9d\/","title":{"rendered":"Loriguilla y Godella disfrutan de una jornada en la capital con \u201cSona Val\u00e8ncia\u201d"},"content":{"rendered":"<p><figure id=\"attachment_36172\" aria-describedby=\"caption-attachment-36172\" style=\"width: 300px\" class=\"wp-caption alignleft\"><a href=\"https:\/\/www.tucomarca.com\/wordpress\/segunda\/2015\/04\/loriguilla-y-godella-disfrutan-de-una-jornada-en-la-capital-con-%e2%80%9csona-valencia%e2%80%9d\/loriguilla-5\/\" rel=\"attachment wp-att-36172\"><img loading=\"lazy\" decoding=\"async\" src=\"https:\/\/www.tucomarca.com\/wordpress\/segunda\/wp-content\/uploads\/2015\/04\/Loriguilla-e1430303603145-300x152.jpg\" alt=\"\" title=\"Loriguilla\" width=\"300\" height=\"152\" class=\"size-medium wp-image-36172\" srcset=\"https:\/\/www.tucomarca.com\/wordpress\/segunda\/wp-content\/uploads\/2015\/04\/Loriguilla-e1430303603145-300x152.jpg 300w, https:\/\/www.tucomarca.com\/wordpress\/segunda\/wp-content\/uploads\/2015\/04\/Loriguilla-e1430303603145.jpg 911w\" sizes=\"auto, (max-width: 300px) 100vw, 300px\" \/><\/a><figcaption id=\"caption-attachment-36172\" class=\"wp-caption-text\">Els Majors de Loriguilla durante la visita a la Diputaci\u00f3n. tc.c<\/figcaption><\/figure>M\u00e1s de un centenar de vecinos de Loriguilla y Godella se han reunido en una jornada de visitas a la corporaci\u00f3n provincial, el MuVim y La Benefic\u00e8ncia, dentro del programa organizado por la Diputaci\u00f3n de Valencia, \u201cSona Val\u00e8ncia per als majors\u201d.<\/p>\n<p>Despu\u00e9s de recorrer los palacios de Scala i Batlia, que conforman la sede provincial, los vecinos de ambos municipios han continuado su excursi\u00f3n en el MuVim y, posteriormente, se han trasladado a La Benefic\u00e8ncia, donde ha concluido el d\u00eda de visitas, para disfrutar de una comida de hermandad y un espect\u00e1culo musical.<\/p>\n<p>Los godellenses han contado con la compa\u00f1\u00eda del vicepresidente de la  Asociaci\u00f3n de Jubilados, Pepe Benavent, quien ha agradecido a la instituci\u00f3n provincial \u201cla invitaci\u00f3n  para conocer las infraestructuras de la Diputaci\u00f3n y pasar un d\u00eda tan agradable\u201d.<\/p>\n<p>Los vecinos de Loriguilla han estado acompa\u00f1ados por la concejala de Bienestar Social, Mar\u00eda Jos\u00e9 Penades, y del teniente alcalde y concejal de Hacienda, Eduardo S\u00e1ez.<\/p>\n<p>Una vez en La Beneficiencia, la diputada de Bienestar Social, Amparo Mora, se ha reunido con los mayores en la Sala Alfons el Magn\u00e0nim para explicarles, entre otras cosas, que  \u201ceste programa se inicia hace unos a\u00f1os con el objetivo de abrir las puertas de la Diputaci\u00f3n para que  todos los vecinos de la provincia conozcan su patrimonio\u201d.<\/p>\n<p>En esta l\u00ednea, Amparo Mora ha afirmado que la corporaci\u00f3n provincial \u201ces el gran desconocido y, aunque est\u00e9 considerado como el ayuntamiento de ayuntamientos, todo lo que pertenece a la instituci\u00f3n es de las personas de la provincia\u201d.<\/p>\n<p>Por su parte la concejala, Mar\u00eda Jos\u00e9 Penades, ha reconocido la importancia de esta instituci\u00f3n para los pueblos porque \u201ctenemos todos los servicios gracias a la Diputaci\u00f3n, que nos da lo que pide el alcalde\u201d.<\/p>\n<p>Adem\u00e1s, en cuanto a este programa, ha asegurado que \u201clos mayores lo aceptan muy bien. De hecho, se han apuntado el m\u00e1ximo que pod\u00edan\u201d.<\/p>\n<p>Finalmente, Eduardo S\u00e1ez ha destacado que \u201clos jubilados se van encantados de ver todo lo que tiene la Diputaci\u00f3n y de pasar un d\u00eda magn\u00edfico\u201d.<\/p>\n","protected":false},"excerpt":{"rendered":"<div class=\"mh-excerpt\">M\u00e1s de un centenar de vecinos de Loriguilla y Godella se han reunido en una jornada de visitas a la corporaci\u00f3n provincial, el MuVim y La Benefic\u00e8ncia, dentro del programa organizado por la Diputaci\u00f3n de <a class=\"mh-excerpt-more\" href=\"https:\/\/www.tucomarca.com\/wordpress\/segunda\/loriguilla-y-godella-disfrutan-de-una-jornada-en-la-capital-con-%e2%80%9csona-valencia%e2%80%9d\/\" title=\"Loriguilla y Godella disfrutan de una jornada en la capital con \u201cSona Val\u00e8ncia\u201d\">[+] <\/a><\/div>\n","protected":false},"author":2,"featured_media":36172,"comment_status":"open","ping_status":"open","sticky":false,"template":"","format":"standard","meta":{"footnotes":""},"categories":[46,8,178,3],"tags":[204,7652,4769],"class_list":{"0":"post-36171","1":"post","2":"type-post","3":"status-publish","4":"format-standard","5":"has-post-thumbnail","7":"category-camp-de-turia","8":"category-la-comarca","9":"category-loriguilla","10":"category-seccion","11":"tag-diputacion","12":"tag-majors-de-loriguila","13":"tag-sona-valencia"},"_links":{"self":[{"href":"https:\/\/www.tucomarca.com\/wordpress\/segunda\/wp-json\/wp\/v2\/posts\/36171","targetHints":{"allow":["GET"]}}],"collection":[{"href":"https:\/\/www.tucomarca.com\/wordpress\/segunda\/wp-json\/wp\/v2\/posts"}],"about":[{"href":"https:\/\/www.tucomarca.com\/wordpress\/segunda\/wp-json\/wp\/v2\/types\/post"}],"author":[{"embeddable":true,"href":"https:\/\/www.tucomarca.com\/wordpress\/segunda\/wp-json\/wp\/v2\/users\/2"}],"replies":[{"embeddable":true,"href":"https:\/\/www.tucomarca.com\/wordpress\/segunda\/wp-json\/wp\/v2\/comments?post=36171"}],"version-history":[{"count":0,"href":"https:\/\/www.tucomarca.com\/wordpress\/segunda\/wp-json\/wp\/v2\/posts\/36171\/revisions"}],"wp:featuredmedia":[{"embeddable":true,"href":"https:\/\/www.tucomarca.com\/wordpress\/segunda\/wp-json\/wp\/v2\/media\/36172"}],"wp:attachment":[{"href":"https:\/\/www.tucomarca.com\/wordpress\/segunda\/wp-json\/wp\/v2\/media?parent=36171"}],"wp:term":[{"taxonomy":"category","embeddable":true,"href":"https:\/\/www.tucomarca.com\/wordpress\/segunda\/wp-json\/wp\/v2\/categories?post=36171"},{"taxonomy":"post_tag","embeddable":true,"href":"https:\/\/www.tucomarca.com\/wordpress\/segunda\/wp-json\/wp\/v2\/tags?post=36171"}],"curies":[{"name":"wp","href":"https:\/\/api.w.org\/{rel}","templated":true}]}}