{"id":36196,"date":"2015-04-30T10:41:37","date_gmt":"2015-04-30T07:41:37","guid":{"rendered":"http:\/\/www.tucomarca.com\/wordpress\/segunda\/?p=36196"},"modified":"2015-04-30T10:42:06","modified_gmt":"2015-04-30T07:42:06","slug":"la-agrupacion-electoral-por-yatova-da-a-conocer-a-los-integrantes-de-su-candidatura","status":"publish","type":"post","link":"https:\/\/www.tucomarca.com\/wordpress\/segunda\/la-agrupacion-electoral-por-yatova-da-a-conocer-a-los-integrantes-de-su-candidatura\/","title":{"rendered":"La Agrupaci\u00f3n Electoral por Y\u00e1tova hace p\u00fablico su candidatura"},"content":{"rendered":"<p>Tal como anticip\u00f3 este semanario en su edici\u00f3n impresa, la Agrupaci\u00f3n Electoral Por Y\u00e1tova ha dado a conocer a los integrantes de la candidatura con la que debutar\u00e1n en los comicios municipales del 24 de mayo. En ella se respeta la paridad entre hombres y mujeres, aunque no se sigue el formato cremallera.<br \/>\nTras reconocer que el trabajo en el seno de la formaci\u00f3n se realiza de forma horizontal, se ha confirmado que el n\u00famero uno de la lista lo ocupa V\u00edctor Perell\u00f3, seguido por Sim\u00f3n Robledo, Mar\u00eda Mont\u00f3, Aida Garc\u00eda, Amparo Rosa Mart\u00ednez, Jorge Fuentes y Esmeralda Romero, entre otros.<br \/>\nTodos ellos ejercen como portavoces de un partido que aspira a convertirse en alternativa de gobierno.<br \/>\nLa formaci\u00f3n ha buscado en sus \u00faltimos actos acercar la forma en la que se entiende la pol\u00edtica y que, como afirman, \u00abdista mucho de la que aplica actualmente la m\u00e1xima autoridad local, Rafael Lisarde\u00bb.<br \/>\nPese a la negativa de ofrecerles un local para sus reuniones, lo cierto es que la formaci\u00f3n espera ser parte destacada en el cambio pol\u00edtico en la poblaci\u00f3n.<\/p>\n","protected":false},"excerpt":{"rendered":"<div class=\"mh-excerpt\">Tal como anticip\u00f3 este semanario en su edici\u00f3n impresa, la Agrupaci\u00f3n Electoral Por Y\u00e1tova ha dado a conocer a los integrantes de la candidatura con la que debutar\u00e1n en los comicios municipales del 24 de <a class=\"mh-excerpt-more\" href=\"https:\/\/www.tucomarca.com\/wordpress\/segunda\/la-agrupacion-electoral-por-yatova-da-a-conocer-a-los-integrantes-de-su-candidatura\/\" title=\"La Agrupaci\u00f3n Electoral por Y\u00e1tova hace p\u00fablico su candidatura\">[+] <\/a><\/div>\n","protected":false},"author":2,"featured_media":0,"comment_status":"open","ping_status":"open","sticky":false,"template":"","format":"standard","meta":{"footnotes":""},"categories":[8,10,142,3,11],"tags":[6658,5862,10380],"class_list":{"0":"post-36196","1":"post","2":"type-post","3":"status-publish","4":"format-standard","6":"category-la-comarca","7":"category-la-hoya","8":"category-politica-la-comarca","9":"category-seccion","10":"category-yatova","11":"tag-agrupacion-electoral","12":"tag-candidatura","13":"tag-yatova"},"_links":{"self":[{"href":"https:\/\/www.tucomarca.com\/wordpress\/segunda\/wp-json\/wp\/v2\/posts\/36196","targetHints":{"allow":["GET"]}}],"collection":[{"href":"https:\/\/www.tucomarca.com\/wordpress\/segunda\/wp-json\/wp\/v2\/posts"}],"about":[{"href":"https:\/\/www.tucomarca.com\/wordpress\/segunda\/wp-json\/wp\/v2\/types\/post"}],"author":[{"embeddable":true,"href":"https:\/\/www.tucomarca.com\/wordpress\/segunda\/wp-json\/wp\/v2\/users\/2"}],"replies":[{"embeddable":true,"href":"https:\/\/www.tucomarca.com\/wordpress\/segunda\/wp-json\/wp\/v2\/comments?post=36196"}],"version-history":[{"count":0,"href":"https:\/\/www.tucomarca.com\/wordpress\/segunda\/wp-json\/wp\/v2\/posts\/36196\/revisions"}],"wp:attachment":[{"href":"https:\/\/www.tucomarca.com\/wordpress\/segunda\/wp-json\/wp\/v2\/media?parent=36196"}],"wp:term":[{"taxonomy":"category","embeddable":true,"href":"https:\/\/www.tucomarca.com\/wordpress\/segunda\/wp-json\/wp\/v2\/categories?post=36196"},{"taxonomy":"post_tag","embeddable":true,"href":"https:\/\/www.tucomarca.com\/wordpress\/segunda\/wp-json\/wp\/v2\/tags?post=36196"}],"curies":[{"name":"wp","href":"https:\/\/api.w.org\/{rel}","templated":true}]}}