{"id":3644,"date":"2012-06-16T12:12:07","date_gmt":"2012-06-16T10:12:07","guid":{"rendered":"http:\/\/www.tucomarca.com\/wordpress\/segunda\/?p=3644"},"modified":"2012-06-16T12:12:07","modified_gmt":"2012-06-16T10:12:07","slug":"controlan-el-incendio-forestal-de-chiva-tras-arrasar-10-hectareas-de-monte","status":"publish","type":"post","link":"https:\/\/www.tucomarca.com\/wordpress\/segunda\/controlan-el-incendio-forestal-de-chiva-tras-arrasar-10-hectareas-de-monte\/","title":{"rendered":"Controlan el incendio forestal de Chiva tras arrasar 10 hect\u00e1reas de monte"},"content":{"rendered":"<p>El Centro de Coordinaci\u00f3n de Emergencias (CCE) dio por controlado  el incendio forestal en Chiva a las 18,28 horas de ayer viernes, despu\u00e9s de  que distintos medios hayan trabajado en su extinci\u00f3n durante las \u00faltimas  horas, seg\u00fan fuentes del CCE.<\/p>\n<p>Tal como ya avanz\u00f3 ayer <strong>tucomarca.com<\/strong> momentos despu\u00e9s de iniciarse el siniestro (a las 13,00 horas), la zona quemada, estimada en unas diez hect\u00e1reas, era de monte bajo, principalmente matorrales y de  pimpollos. En las labores de extinci\u00f3n han trabajado en la zona afectada un total  de cinco medios a\u00e9reos, tres autobombas, seis brigadas, adem\u00e1s de  bomberos de Chiva y de Requena, dos coordinadores forestales y un  oficial, seg\u00fan ha informado el Consorcio Provincial de Bomberos.<\/p>\n<p>A  las 18.00 horas ya se hab\u00edan retirado los medios a\u00e9reos y han  continuado en las labores de extinci\u00f3n seis brigadas, bomberos y tres  autobombas. Media hora despu\u00e9s se ha dado por controlado.<\/p>\n<p>El  incendio se ha decretado en una zona forestal de matorrales en el  t\u00e9rmino municipal de Chiva en direcci\u00f3n a la localidad de Gestalgar, a  cuatro kil\u00f3metros de la urbanizaci\u00f3n Las Pedrizas, seg\u00fan han indicado  desde el consorcio, y la nube de humo era claramente visible desde los cascos urbanos de Chiva as\u00ed como de Bu\u00f1ol.<\/p>\n","protected":false},"excerpt":{"rendered":"<div class=\"mh-excerpt\">El Centro de Coordinaci\u00f3n de Emergencias (CCE) dio por controlado el incendio forestal en Chiva a las 18,28 horas de ayer viernes, despu\u00e9s de que distintos medios hayan trabajado en su extinci\u00f3n durante las \u00faltimas <a class=\"mh-excerpt-more\" href=\"https:\/\/www.tucomarca.com\/wordpress\/segunda\/controlan-el-incendio-forestal-de-chiva-tras-arrasar-10-hectareas-de-monte\/\" title=\"Controlan el incendio forestal de Chiva tras arrasar 10 hect\u00e1reas de monte\">[+] <\/a><\/div>\n","protected":false},"author":1,"featured_media":0,"comment_status":"open","ping_status":"open","sticky":false,"template":"","format":"standard","meta":{"footnotes":""},"categories":[18,16,8,10,3,116],"tags":[],"class_list":{"0":"post-3644","1":"post","2":"type-post","3":"status-publish","4":"format-standard","6":"category-bunol","7":"category-chiva","8":"category-la-comarca","9":"category-la-hoya","10":"category-seccion","11":"category-sucesos-la-comarca"},"_links":{"self":[{"href":"https:\/\/www.tucomarca.com\/wordpress\/segunda\/wp-json\/wp\/v2\/posts\/3644","targetHints":{"allow":["GET"]}}],"collection":[{"href":"https:\/\/www.tucomarca.com\/wordpress\/segunda\/wp-json\/wp\/v2\/posts"}],"about":[{"href":"https:\/\/www.tucomarca.com\/wordpress\/segunda\/wp-json\/wp\/v2\/types\/post"}],"author":[{"embeddable":true,"href":"https:\/\/www.tucomarca.com\/wordpress\/segunda\/wp-json\/wp\/v2\/users\/1"}],"replies":[{"embeddable":true,"href":"https:\/\/www.tucomarca.com\/wordpress\/segunda\/wp-json\/wp\/v2\/comments?post=3644"}],"version-history":[{"count":0,"href":"https:\/\/www.tucomarca.com\/wordpress\/segunda\/wp-json\/wp\/v2\/posts\/3644\/revisions"}],"wp:attachment":[{"href":"https:\/\/www.tucomarca.com\/wordpress\/segunda\/wp-json\/wp\/v2\/media?parent=3644"}],"wp:term":[{"taxonomy":"category","embeddable":true,"href":"https:\/\/www.tucomarca.com\/wordpress\/segunda\/wp-json\/wp\/v2\/categories?post=3644"},{"taxonomy":"post_tag","embeddable":true,"href":"https:\/\/www.tucomarca.com\/wordpress\/segunda\/wp-json\/wp\/v2\/tags?post=3644"}],"curies":[{"name":"wp","href":"https:\/\/api.w.org\/{rel}","templated":true}]}}