{"id":3655,"date":"2012-06-16T12:41:14","date_gmt":"2012-06-16T10:41:14","guid":{"rendered":"http:\/\/www.tucomarca.com\/wordpress\/segunda\/?p=3655"},"modified":"2012-06-18T11:38:37","modified_gmt":"2012-06-18T09:38:37","slug":"diputacion-seguira-cofinanciando-los-autobuses-de-debil-transito-en-la-hoya-ademuz-y-los-serranos","status":"publish","type":"post","link":"https:\/\/www.tucomarca.com\/wordpress\/segunda\/diputacion-seguira-cofinanciando-los-autobuses-de-debil-transito-en-la-hoya-ademuz-y-los-serranos\/","title":{"rendered":"Diputaci\u00f3n seguir\u00e1 cofinanciando los autobuses de d\u00e9bil tr\u00e1nsito en La Hoya, Ademuz y Los Serranos"},"content":{"rendered":"<p>La Diputaci\u00f3n de Valencia ha aprobado el convenio de colaboraci\u00f3n  con la Generalitat Valenciana para mantener las l\u00edneas de transporte  regular de viajeros entre pueblos peque\u00f1os, considerados de d\u00e9bil  transito, en la provincia de Valencia.<\/p>\n<div>\n<p>La instituci\u00f3n provincial va a destinar una partida presupuestaria  que asciende a 53.000 euros para cofinanciar junto a la Generalitat la  viabilidad de estas l\u00edneas de autobuses.<\/p>\n<p>El diputado de Asesoramiento Municipal, Francisco Lled\u00f3, ha destacado  que \u201cla inversi\u00f3n en este programa es un claro ejemplo del desarrollo  de las funciones propias de la Diputaci\u00f3n en los municipios de menor  capacidad econ\u00f3mica y de gesti\u00f3n\u201d.<\/p>\n<p>Francisco Lled\u00f3 ha subrayado que \u201cen comarcas como el Rinc\u00f3n de  Ademuz,  los Serranos, la Hoya de Bu\u00f1ol, etc, hay ciudadanos de varios   municipios que sin nuestro apoyo no podr\u00edan desplazarse a otras   localidades y nuestra premisa es tratar como ciudadanos de primera a   todos los vecinos de la provincia\u201d<\/p>\n<p><strong>Para los municipios con menos recursos<\/strong><\/p>\n<p>El convenio, que se ha aprobado en comisi\u00f3n y se eleva al pleno que  tendr\u00e1 lugar el d\u00eda 19 de junio en la Diputaci\u00f3n, parte de una  convocatoria del gobierno auton\u00f3mico valenciano a las tres diputaciones  de la Comunitat Valencia para que participen en sus respectivas  provincias.<\/p>\n<p>Es una convocatoria p\u00fablica en la que las empresas de transportes  entre municipios de peque\u00f1a poblaci\u00f3n puedan recibir la ayuda  institucional para que no desaparezcan estas l\u00edneas que comunican  poblaciones distantes.<\/p>\n<p>En estos momentos las l\u00edneas de transporte d\u00e9bil siguen en  funcionamiento mediante el convenio del pasado a\u00f1o y en los pr\u00f3ximos  meses se resolver\u00e1 el de 2012.<\/p>\n<\/div>\n","protected":false},"excerpt":{"rendered":"<div class=\"mh-excerpt\">La Diputaci\u00f3n de Valencia ha aprobado el convenio de colaboraci\u00f3n con la Generalitat Valenciana para mantener las l\u00edneas de transporte regular de viajeros entre pueblos peque\u00f1os, considerados de d\u00e9bil transito, en la provincia de Valencia. <a class=\"mh-excerpt-more\" href=\"https:\/\/www.tucomarca.com\/wordpress\/segunda\/diputacion-seguira-cofinanciando-los-autobuses-de-debil-transito-en-la-hoya-ademuz-y-los-serranos\/\" title=\"Diputaci\u00f3n seguir\u00e1 cofinanciando los autobuses de d\u00e9bil tr\u00e1nsito en La Hoya, Ademuz y Los Serranos\">[+] <\/a><\/div>\n","protected":false},"author":1,"featured_media":0,"comment_status":"open","ping_status":"open","sticky":false,"template":"","format":"standard","meta":{"footnotes":""},"categories":[49,128,8,10,59,3],"tags":[],"class_list":{"0":"post-3655","1":"post","2":"type-post","3":"status-publish","4":"format-standard","6":"category-ademuz","7":"category-infraestructuras","8":"category-la-comarca","9":"category-la-hoya","10":"category-los-serranos","11":"category-seccion"},"_links":{"self":[{"href":"https:\/\/www.tucomarca.com\/wordpress\/segunda\/wp-json\/wp\/v2\/posts\/3655","targetHints":{"allow":["GET"]}}],"collection":[{"href":"https:\/\/www.tucomarca.com\/wordpress\/segunda\/wp-json\/wp\/v2\/posts"}],"about":[{"href":"https:\/\/www.tucomarca.com\/wordpress\/segunda\/wp-json\/wp\/v2\/types\/post"}],"author":[{"embeddable":true,"href":"https:\/\/www.tucomarca.com\/wordpress\/segunda\/wp-json\/wp\/v2\/users\/1"}],"replies":[{"embeddable":true,"href":"https:\/\/www.tucomarca.com\/wordpress\/segunda\/wp-json\/wp\/v2\/comments?post=3655"}],"version-history":[{"count":0,"href":"https:\/\/www.tucomarca.com\/wordpress\/segunda\/wp-json\/wp\/v2\/posts\/3655\/revisions"}],"wp:attachment":[{"href":"https:\/\/www.tucomarca.com\/wordpress\/segunda\/wp-json\/wp\/v2\/media?parent=3655"}],"wp:term":[{"taxonomy":"category","embeddable":true,"href":"https:\/\/www.tucomarca.com\/wordpress\/segunda\/wp-json\/wp\/v2\/categories?post=3655"},{"taxonomy":"post_tag","embeddable":true,"href":"https:\/\/www.tucomarca.com\/wordpress\/segunda\/wp-json\/wp\/v2\/tags?post=3655"}],"curies":[{"name":"wp","href":"https:\/\/api.w.org\/{rel}","templated":true}]}}