{"id":3660,"date":"2012-06-16T13:47:56","date_gmt":"2012-06-16T11:47:56","guid":{"rendered":"http:\/\/www.tucomarca.com\/wordpress\/segunda\/?p=3660"},"modified":"2012-06-16T13:56:17","modified_gmt":"2012-06-16T11:56:17","slug":"el-valle-de-ayora-recibira-95-000-euros-de-la-diputacion-para-restaurar-cuatro-inmuebles","status":"publish","type":"post","link":"https:\/\/www.tucomarca.com\/wordpress\/segunda\/el-valle-de-ayora-recibira-95-000-euros-de-la-diputacion-para-restaurar-cuatro-inmuebles\/","title":{"rendered":"El Valle de Ayora recibir\u00e1 95.000 euros de la Diputaci\u00f3n para restaurar cuatro inmuebles"},"content":{"rendered":"<p><strong> <\/strong><\/p>\n<figure id=\"attachment_3662\" aria-describedby=\"caption-attachment-3662\" style=\"width: 300px\" class=\"wp-caption alignleft\"><a href=\"https:\/\/www.tucomarca.com\/wordpress\/segunda\/wp-content\/uploads\/2012\/06\/Ayora.jpg\"><img loading=\"lazy\" decoding=\"async\" class=\"size-medium wp-image-3662\" title=\"Ayora\" src=\"https:\/\/www.tucomarca.com\/wordpress\/segunda\/wp-content\/uploads\/2012\/06\/Ayora-300x225.jpg\" alt=\"La restauraci\u00f3n del castillo de Ayora est\u00e1 aportando nuevos datos hist\u00f3ricos del recinto.\" width=\"300\" height=\"225\" srcset=\"https:\/\/www.tucomarca.com\/wordpress\/segunda\/wp-content\/uploads\/2012\/06\/Ayora-300x225.jpg 300w, https:\/\/www.tucomarca.com\/wordpress\/segunda\/wp-content\/uploads\/2012\/06\/Ayora-1024x771.jpg 1024w, https:\/\/www.tucomarca.com\/wordpress\/segunda\/wp-content\/uploads\/2012\/06\/Ayora.jpg 1277w\" sizes=\"auto, (max-width: 300px) 100vw, 300px\" \/><\/a><figcaption id=\"caption-attachment-3662\" class=\"wp-caption-text\">La restauraci\u00f3n del castillo de Ayora est\u00e1 aportando nuevos datos hist\u00f3ricos del recinto.<\/figcaption><\/figure>\n<p>La Diputaci\u00f3n de Valencia ha concedido 95.000 euros para la realizaci\u00f3n de cuatro proyectos de restauraci\u00f3n de edificios e infraestructuras emblem\u00e1ticos valencianos en cuatro municipios del Valle de Ayora, con un coste de 305.595,51 euros.<\/p>\n<p>Entre los proyectos cubiertos por esta financiaci\u00f3n, adem\u00e1s de interevencones en Jalance, Jarafuel y Teresa de Cofrentes, est\u00e1 la consolidaci\u00f3n y restauraci\u00f3n del Castillo de Ayora, fase 2.2, con una subvenci\u00f3n de 30.000 euros sobre un presupuesto de 187.585 euros.<\/p>\n<p>Las intervenciones previstas por el Plan de Recuperaci\u00f3n del  Patrimonio se realizar\u00e1n en inmuebles de acceso p\u00fablico con valor  hist\u00f3rico, art\u00edstico, tipol\u00f3gico o etnogr\u00e1fico (como antiguos hornos,  molinos, palacios, fuentes, bodegas e iglesias) y de elementos  integrados en los mismos, que poseen especial significaci\u00f3n tanto para  los municipios valencianos como para los ciudadanos de la provincia,  sean de car\u00e1cter religioso sean de civil.<\/p>\n<p>El plan pretende devolver el esplendor original a edificios  significativos y estimados en los pueblos de Valencia que, por no estar  catalogados<\/p>\n<p>oficialmente como Bienes de Inter\u00e9s Cultural (BIC), no han podido  recibir otro tipo de subvenciones que facilitaran su conservaci\u00f3n y  recuperaci\u00f3n.<\/p>\n<p>\u201cHa sido una inversi\u00f3n equitativa en toda la provincia, de acuerdo  con los criterios establecidos en las bases del programa y con los  informes de los t\u00e9cnicos del Servicio de Cooperaci\u00f3n  Municipal-Restauraci\u00f3n de Bienes Culturales, que han ido seleccionando  los proyectos de restauraci\u00f3n en funci\u00f3n de la urgencia de las  actuaciones, del valor arquitect\u00f3nico e hist\u00f3rico de cada edificio y del  inter\u00e9s local que tuviera la construcci\u00f3n en cada municipio\u201d, ha  explicado el vicepresidente de la Diputaci\u00f3n, Juan Jos\u00e9 Medina.<\/p>\n<p><strong>Consolidaci\u00f3n y restauraci\u00f3n del Castillo de Ayora<\/strong><\/p>\n<p>El proyecto para consolidar y restaurar el Castillo de Ayora se est\u00e1  llevando a cabo en sucesivas fases que han supuesto un paso m\u00e1s para la  recuperaci\u00f3n de las estructuras del inmueble, cuyos trabajos, adem\u00e1s,  han aportado nuevos datos hasta la fecha desconocidos.<\/p>\n<p>El importe total de dicha fase ha ascendido a 75.000 euros y se ha  centrado en la retirada de tierras y escombros. En el caso del aljibe se  ha completado el vaciado y se ha consolidado el extremo libre de la  b\u00f3veda de mamposter\u00eda para asegurar los restos originales. El vaciado  del aljibe ha puesto de manifiesto la importancia de dicho dep\u00f3sito, con  unas dimensiones en planta de 12,00&#215;4,05\u00a0 y una altura de 4,80. Tambi\u00e9n  se han localizado los niveles originales del patio que dan acceso al  edificio de las cocinas,<\/p>\n<p>En el interior de la Torre del Homenaje han localizado estructuras  que delimitan diferentes recintos, algunos mantienen restos de las  b\u00f3vedas que los cubr\u00edan. En la zona central, destinada a patio, se ha  localizado un aljibe de dimensiones menores que el anterior aunque con  ciertas caracter\u00edsticas espec\u00edficas. Concretamente se trata de dos  recintos de diferente dimensi\u00f3n unidos por vano cubierto con arco  rebajado realizado en siller\u00eda\u00a0 sobre el que apoyan\u00a0 parte de las  b\u00f3vedas de ca\u00f1\u00f3n de las dos partes del aljibe.<\/p>\n<p>&nbsp;<\/p>\n<table border=\"1\" cellspacing=\"0\" cellpadding=\"0\">\n<tbody>\n<tr>\n<td width=\"84\" valign=\"top\"><strong>Municipio<\/strong><\/td>\n<td width=\"92\" valign=\"top\"><strong>Entidad<\/strong><\/td>\n<td width=\"90\" valign=\"top\"><strong>Denominaci\u00f3n<\/strong><\/td>\n<td width=\"83\" valign=\"top\"><strong>Coste   Proyecto<\/strong><\/td>\n<td width=\"86\" valign=\"top\"><strong>Subvenci\u00f3n   \u20ac<\/strong><\/td>\n<\/tr>\n<tr>\n<td width=\"84\" valign=\"top\">Ayora<\/td>\n<td width=\"92\" valign=\"top\">Ayuntamiento<\/td>\n<td width=\"90\" valign=\"top\">Consolidaci\u00f3n y   Restauraci\u00f3n del Castillo<\/td>\n<td width=\"83\" valign=\"top\">187.585,69<\/td>\n<td width=\"86\" valign=\"top\">30.000<\/td>\n<\/tr>\n<tr>\n<td width=\"84\" valign=\"top\">Jalance<\/td>\n<td width=\"92\" valign=\"top\">Iglesia de San   Miguel Arc\u00e1ngel<\/td>\n<td width=\"90\" valign=\"top\">Consolidaci\u00f3n de   la b\u00f3veda de la Iglesia<\/td>\n<td width=\"83\" valign=\"top\">29.816,16<\/td>\n<td width=\"86\" valign=\"top\">20.000<\/td>\n<\/tr>\n<tr>\n<td width=\"84\" valign=\"top\">Jarafuel<\/td>\n<td width=\"92\" valign=\"top\">Parroquia Santa   Catalina<\/td>\n<td width=\"90\" valign=\"top\">Pintura exterior y   restauraci\u00f3n port\u00f3n<\/td>\n<td width=\"83\" valign=\"top\">63.192,32<\/td>\n<td width=\"86\" valign=\"top\">25.000<\/td>\n<\/tr>\n<tr>\n<td width=\"84\" valign=\"top\">Teresa de   Cofrentes<\/td>\n<td width=\"92\" valign=\"top\">.Ayuntamiento<\/td>\n<td width=\"90\" valign=\"top\">Restauraci\u00f3n   cementerio Municipal<\/td>\n<td width=\"83\" valign=\"top\">25.001,34<\/td>\n<td width=\"86\" valign=\"top\">20.000<\/td>\n<\/tr>\n<tr>\n<td width=\"84\" valign=\"top\"><\/td>\n<td width=\"92\" valign=\"top\"><\/td>\n<td width=\"90\" valign=\"top\"><strong>Total<\/strong><\/td>\n<td width=\"83\" valign=\"top\"><strong>305.595,51<\/strong><\/td>\n<td width=\"86\" valign=\"top\">95.00<\/td>\n<\/tr>\n<\/tbody>\n<\/table>\n<p>&nbsp;<\/p>\n","protected":false},"excerpt":{"rendered":"<div class=\"mh-excerpt\">La Diputaci\u00f3n de Valencia ha concedido 95.000 euros para la realizaci\u00f3n de cuatro proyectos de restauraci\u00f3n de edificios e infraestructuras emblem\u00e1ticos valencianos en cuatro municipios del Valle de Ayora, con un coste de 305.595,51 euros. <a class=\"mh-excerpt-more\" href=\"https:\/\/www.tucomarca.com\/wordpress\/segunda\/el-valle-de-ayora-recibira-95-000-euros-de-la-diputacion-para-restaurar-cuatro-inmuebles\/\" title=\"El Valle de Ayora recibir\u00e1 95.000 euros de la Diputaci\u00f3n para restaurar cuatro inmuebles\">[+] <\/a><\/div>\n","protected":false},"author":1,"featured_media":3662,"comment_status":"open","ping_status":"open","sticky":false,"template":"","format":"standard","meta":{"footnotes":""},"categories":[39,38,230,231,7,3,232,45],"tags":[],"class_list":{"0":"post-3660","1":"post","2":"type-post","3":"status-publish","4":"format-standard","5":"has-post-thumbnail","7":"category-ayora","8":"category-ayora-cofrentes","9":"category-jalance","10":"category-jarafuel","11":"category-ocio-y-cultura","12":"category-seccion","13":"category-teresa-de-cofrentes","14":"category-ventana"},"_links":{"self":[{"href":"https:\/\/www.tucomarca.com\/wordpress\/segunda\/wp-json\/wp\/v2\/posts\/3660","targetHints":{"allow":["GET"]}}],"collection":[{"href":"https:\/\/www.tucomarca.com\/wordpress\/segunda\/wp-json\/wp\/v2\/posts"}],"about":[{"href":"https:\/\/www.tucomarca.com\/wordpress\/segunda\/wp-json\/wp\/v2\/types\/post"}],"author":[{"embeddable":true,"href":"https:\/\/www.tucomarca.com\/wordpress\/segunda\/wp-json\/wp\/v2\/users\/1"}],"replies":[{"embeddable":true,"href":"https:\/\/www.tucomarca.com\/wordpress\/segunda\/wp-json\/wp\/v2\/comments?post=3660"}],"version-history":[{"count":0,"href":"https:\/\/www.tucomarca.com\/wordpress\/segunda\/wp-json\/wp\/v2\/posts\/3660\/revisions"}],"wp:featuredmedia":[{"embeddable":true,"href":"https:\/\/www.tucomarca.com\/wordpress\/segunda\/wp-json\/wp\/v2\/media\/3662"}],"wp:attachment":[{"href":"https:\/\/www.tucomarca.com\/wordpress\/segunda\/wp-json\/wp\/v2\/media?parent=3660"}],"wp:term":[{"taxonomy":"category","embeddable":true,"href":"https:\/\/www.tucomarca.com\/wordpress\/segunda\/wp-json\/wp\/v2\/categories?post=3660"},{"taxonomy":"post_tag","embeddable":true,"href":"https:\/\/www.tucomarca.com\/wordpress\/segunda\/wp-json\/wp\/v2\/tags?post=3660"}],"curies":[{"name":"wp","href":"https:\/\/api.w.org\/{rel}","templated":true}]}}