{"id":367,"date":"2012-04-26T08:44:21","date_gmt":"2012-04-26T08:44:21","guid":{"rendered":"http:\/\/www.tucomarca.com\/wordpress\/segunda\/?p=367"},"modified":"2012-05-09T01:41:18","modified_gmt":"2012-05-09T01:41:18","slug":"el-hospital-general-de-requena-celebra-sus-20-anos-garantizando-la-asistencia-sanitaria-de-55-000-personas","status":"publish","type":"post","link":"https:\/\/www.tucomarca.com\/wordpress\/segunda\/el-hospital-general-de-requena-celebra-sus-20-anos-garantizando-la-asistencia-sanitaria-de-55-000-personas\/","title":{"rendered":"El Hospital General de Requena, que atiende a 55.000 personas, celebra su 20 aniversario"},"content":{"rendered":"<p><a href=\"https:\/\/www.tucomarca.com\/wordpress\/segunda\/wp-content\/uploads\/2012\/04\/26412Hospital_Requena.jpg\"><\/a><\/p>\n<p><a href=\"https:\/\/www.tucomarca.com\/wordpress\/segunda\/wp-content\/uploads\/2012\/04\/26412Hospital_Requena.jpg\"> <\/a><\/p>\n<figure id=\"attachment_368\" aria-describedby=\"caption-attachment-368\" style=\"width: 300px\" class=\"wp-caption alignleft\"><a href=\"https:\/\/www.tucomarca.com\/wordpress\/segunda\/wp-content\/uploads\/2012\/04\/26412Hospital_Requena.jpg\"><img loading=\"lazy\" decoding=\"async\" class=\"size-medium wp-image-368\" title=\"26412Hospital_Requena\" src=\"https:\/\/www.tucomarca.com\/wordpress\/segunda\/wp-content\/uploads\/2012\/04\/26412Hospital_Requena-300x236.jpg\" alt=\"El alcalde de Requena junto al conseller.\" width=\"300\" height=\"236\" srcset=\"https:\/\/www.tucomarca.com\/wordpress\/segunda\/wp-content\/uploads\/2012\/04\/26412Hospital_Requena-300x236.jpg 300w, https:\/\/www.tucomarca.com\/wordpress\/segunda\/wp-content\/uploads\/2012\/04\/26412Hospital_Requena-1024x806.jpg 1024w, https:\/\/www.tucomarca.com\/wordpress\/segunda\/wp-content\/uploads\/2012\/04\/26412Hospital_Requena.jpg 2000w\" sizes=\"auto, (max-width: 300px) 100vw, 300px\" \/><\/a><figcaption id=\"caption-attachment-368\" class=\"wp-caption-text\">El alcalde de Requena junto al conseller.<\/figcaption><\/figure>\n<p>El Hospital de Requena ha celebrado este pasado viernes, 26 de abril, y su XX Aniversario, en un acto  presidido por el conseller de Sanitat, Luis Rosado, junto a la gerente  del Departamento de Salud, Marisa de Reynoso. El conseller ha expresado  su agradecimiento a los profesionales del centro, por la atenci\u00f3n \u00abde  excelencia\u00bb que han prestado a la poblaci\u00f3n del interior de la provincia  de Valencia durante estas dos d\u00e9cadas, y cuenta con su \u00abimplicaci\u00f3n y  profesionalidad tambi\u00e9n en tiempos dif\u00edciles como los actuales\u00bb.<\/p>\n<p>El Hospital General de Requena, que abri\u00f3 sus puertas el 28 de abril  de 1992, comenz\u00f3 su andadura con 275 trabajadores; un n\u00famero que se ha  visto incrementado hasta los 471 que forman su plantilla actualmente.<\/p>\n<p>Por su parte, Marisa de Reynoso ha expresado que es \u00abun honor para  nosotros poder celebrar estos veinte a\u00f1os de asistencia a los 55.000  ciudadanos del Departamento, para los que trabajamos cada d\u00eda con  dedicaci\u00f3n\u00bb.<\/p>\n<p>Aunque con una baja densidad de poblaci\u00f3n, el Departamento de Salud  cubre una amplia extensi\u00f3n de la provincia de Valencia, con n\u00facleos muy  dispersos en las comarcas de Requena-Utiel o El Valle de  Ayora-Cofrentes.<\/p>\n<p><strong>Servicios destacados <\/strong><\/p>\n<p>Entre los hitos m\u00e1s importantes en la historia del centro, destaca  la apertura de la UCI en 1994 y la puesta en marcha del servicio de  hemodi\u00e1lisis en 2003. \u00abHan sido dos momentos muy importantes en nuestra  historia, ya que permiten que los pacientes no tengan que desplazarse a  otro centro alejado de su lugar de residencia\u00bb, apuntan.<\/p>\n<p>Por otra parte, la remodelaci\u00f3n del servicio de Urgencias, la  apertura de la UCSI y la implantaci\u00f3n de nuevos sistemas de informaci\u00f3n  que permiten la integraci\u00f3n de toda la asistencia del Departamento, han  sido otras de las mejoras estos a\u00f1os.<\/p>\n<p>El Hospital de Requena es adem\u00e1s referente en la asistencia de  ginecolog\u00eda y obstetricia, con un servicio avalado por el reconocimiento  de los premios Top 20 en 2007. Este servicio cuenta con habitaciones  individuales y con programa de parto natural.<\/p>\n<p>Los Top 20 tambi\u00e9n han premiado al centro en la categor\u00eda de  enfermedades respiratorias y cardiol\u00f3gicas durante dos a\u00f1os consecutivos  (2006 y 2007), siendo el servicio de medicina interna uno de los de  mayor desarrollo de t\u00e9cnicas, con una destacada labor de diagn\u00f3stico y  asistencia.<\/p>\n<p>En relaci\u00f3n a la actividad quir\u00fargica, el centro ha experimentado un  aumento de actividad y desarrollo de procesos de atenci\u00f3n integral as\u00ed  como una gesti\u00f3n eficiente de la lista de espera.<\/p>\n<p>El servicio de radio diagn\u00f3stico es otro de los que ha sufrido  mayores cambios durante estos a\u00f1os, gracias a la inclusi\u00f3n del TAC  helicoidal, el inicio del screening de mama, la implantaci\u00f3n del SIR  (sistema de informaci\u00f3n en Radiolog\u00eda), la incorporaci\u00f3n del mam\u00f3grafo  digital y la visualizaci\u00f3n de las pruebas en el ordenador.<\/p>\n<p>Rehabilitaci\u00f3n es otro de los servicios destacados, contando ya con  rehabilitaci\u00f3n infantil, atenci\u00f3n integral e individualizada en el Ictus  y Unidad de Suelo P\u00e9lvico.<\/p>\n<p>Durante sus primeros veinte a\u00f1os de funcionamiento, el centro ha  realizado un total de 28.900 intervenciones quir\u00fargicas, y ha atendido  566.140 urgencias y 1.657.069 consultas externas.<\/p>\n<p>\u00abDestacar tambi\u00e9n la actividad de los Servicios Centrales, que  posibilita el buen funcionamiento de todos\u00bb, ha concretado Reynoso.<\/p>\n<p><strong>Muestra fotogr\u00e1fica <\/strong><\/p>\n<p>Durante el acto de inauguraci\u00f3n los asistentes han podido visitar en  las instalaciones del centro una exposici\u00f3n fotogr\u00e1fica que resume en  im\u00e1genes los veinte primeros a\u00f1os del Hospital General de Requena.  \u00abQueremos mostrar como ha sido nuestra evoluci\u00f3n, y rendir homenaje a  todos aquellos profesionales que han pasado por nuestro hospital\u00bb,  apunta Marisa de Reynoso.<\/p>\n","protected":false},"excerpt":{"rendered":"<div class=\"mh-excerpt\">El Hospital de Requena ha celebrado este pasado viernes, 26 de abril, y su XX Aniversario, en un acto presidido por el conseller de Sanitat, Luis Rosado, junto a la gerente del Departamento de Salud, <a class=\"mh-excerpt-more\" href=\"https:\/\/www.tucomarca.com\/wordpress\/segunda\/el-hospital-general-de-requena-celebra-sus-20-anos-garantizando-la-asistencia-sanitaria-de-55-000-personas\/\" title=\"El Hospital General de Requena, que atiende a 55.000 personas, celebra su 20 aniversario\">[+] <\/a><\/div>\n","protected":false},"author":1,"featured_media":368,"comment_status":"open","ping_status":"open","sticky":false,"template":"","format":"standard","meta":{"footnotes":""},"categories":[8,28,27,45],"tags":[32,52],"class_list":{"0":"post-367","1":"post","2":"type-post","3":"status-publish","4":"format-standard","5":"has-post-thumbnail","7":"category-la-comarca","8":"category-requena","9":"category-requena-utiel","10":"category-ventana","11":"tag-politica","12":"tag-sanidad"},"_links":{"self":[{"href":"https:\/\/www.tucomarca.com\/wordpress\/segunda\/wp-json\/wp\/v2\/posts\/367","targetHints":{"allow":["GET"]}}],"collection":[{"href":"https:\/\/www.tucomarca.com\/wordpress\/segunda\/wp-json\/wp\/v2\/posts"}],"about":[{"href":"https:\/\/www.tucomarca.com\/wordpress\/segunda\/wp-json\/wp\/v2\/types\/post"}],"author":[{"embeddable":true,"href":"https:\/\/www.tucomarca.com\/wordpress\/segunda\/wp-json\/wp\/v2\/users\/1"}],"replies":[{"embeddable":true,"href":"https:\/\/www.tucomarca.com\/wordpress\/segunda\/wp-json\/wp\/v2\/comments?post=367"}],"version-history":[{"count":0,"href":"https:\/\/www.tucomarca.com\/wordpress\/segunda\/wp-json\/wp\/v2\/posts\/367\/revisions"}],"wp:featuredmedia":[{"embeddable":true,"href":"https:\/\/www.tucomarca.com\/wordpress\/segunda\/wp-json\/wp\/v2\/media\/368"}],"wp:attachment":[{"href":"https:\/\/www.tucomarca.com\/wordpress\/segunda\/wp-json\/wp\/v2\/media?parent=367"}],"wp:term":[{"taxonomy":"category","embeddable":true,"href":"https:\/\/www.tucomarca.com\/wordpress\/segunda\/wp-json\/wp\/v2\/categories?post=367"},{"taxonomy":"post_tag","embeddable":true,"href":"https:\/\/www.tucomarca.com\/wordpress\/segunda\/wp-json\/wp\/v2\/tags?post=367"}],"curies":[{"name":"wp","href":"https:\/\/api.w.org\/{rel}","templated":true}]}}