{"id":36704,"date":"2015-05-18T11:52:14","date_gmt":"2015-05-18T08:52:14","guid":{"rendered":"http:\/\/www.tucomarca.com\/wordpress\/segunda\/?p=36704"},"modified":"2015-05-18T11:52:19","modified_gmt":"2015-05-18T08:52:19","slug":"los-populares-de-chiva-celebran-el-mitin-central-de-campana-en-calicanto","status":"publish","type":"post","link":"https:\/\/www.tucomarca.com\/wordpress\/segunda\/los-populares-de-chiva-celebran-el-mitin-central-de-campana-en-calicanto\/","title":{"rendered":"Los populares de Chiva celebran el mitin central de campa\u00f1a en Calicanto"},"content":{"rendered":"<p><figure id=\"attachment_36705\" aria-describedby=\"caption-attachment-36705\" style=\"width: 300px\" class=\"wp-caption alignleft\"><a href=\"https:\/\/www.tucomarca.com\/wordpress\/segunda\/2015\/05\/los-populares-de-chiva-celebran-el-mitin-central-de-campana-en-calicanto\/mitin1\/\" rel=\"attachment wp-att-36705\"><img loading=\"lazy\" decoding=\"async\" src=\"https:\/\/www.tucomarca.com\/wordpress\/segunda\/wp-content\/uploads\/2015\/05\/Mitin1-e1431936089320-300x134.jpg\" alt=\"\" title=\"Mitin1\" width=\"300\" height=\"134\" class=\"size-medium wp-image-36705\" srcset=\"https:\/\/www.tucomarca.com\/wordpress\/segunda\/wp-content\/uploads\/2015\/05\/Mitin1-e1431936089320-300x134.jpg 300w, https:\/\/www.tucomarca.com\/wordpress\/segunda\/wp-content\/uploads\/2015\/05\/Mitin1-e1431936089320-1024x458.jpg 1024w\" sizes=\"auto, (max-width: 300px) 100vw, 300px\" \/><\/a><figcaption id=\"caption-attachment-36705\" class=\"wp-caption-text\">Candidatura del PP de Chiva tras el mitin en Calicanto. tc.c<\/figcaption><\/figure>El actual Alcalde de Chiva y candidato a la reelecci\u00f3n, Jos\u00e9 Manuel Haro, ha querido demostrar el compromiso de su formaci\u00f3n con las urbanizaciones celebrando en Calicanto el mitin central de la campa\u00f1a electoral.<\/p>\n<p>Arropado por m\u00e1s de m\u00e1s de 100 vecinos y junto a la renovada lista con la que concurre a las elecciones del 24 de mayo, el l\u00edder popular ha explicado que \u201chemos trabajado duro para demostrar a los vecinos de las urbanizaciones que ellos tambi\u00e9n son Chiva porque hasta que nuestro partido lleg\u00f3 a gobernar, el Ayuntamiento hab\u00eda vivido a espaldas de las urbanizaciones. S\u00f3lo el PP tiene un programa electoral dedicado a cada una de las urbanizaciones, s\u00f3lo nosotros tenemos una lista con 10 vecinos de urbanizaciones y nuestro mejor aval es el trabajo realizado\u201d, ha asegurado Haro.<\/p>\n<p>El presidente del Partido Popular de la provincia de Valencia, Vicente Betoret, no ha querido faltar a este encuentro para respaldar a Jos\u00e9 Manuel Haro.  \u201cTen\u00e9is un candidato que est\u00e1 donde est\u00e1 porque vale, por el trabajo diario, por su formaci\u00f3n, por su voluntad, por la pasi\u00f3n hacia su ciudad, por su tes\u00f3n, por su car\u00e1cter. Jos\u00e9 Manuel Haro ha implantado en Chiva la cultura del esfuerzo, ha dado la cara en los peores momentos y levantado Chiva. Es sin\u00f3nimo de vitalidad, de empuje, de voluntad y de garant\u00eda de \u00e9xito\u201d, ha afirmado Betoret.<\/p>\n<p>El acto, celebrado este viernes junto a la Ermita de Calicanto, ha sido dirigido por los candidatos de la lista popular por Calicanto, Roberto Anchel y Pilar Vicente, y ha contado con la presencia de la presidenta comarcal del PP, Sagrario S\u00e1nchez, que tambi\u00e9n ha querido arropar al PP de Chiva. <\/p>\n<p>La candidatura popular est\u00e1 formada por 17 perfiles que \u201ccomo ciudadanos de a pie, son los que mejor conocen las principales necesidades de los chivanos, sus inquietudes y preocupaciones. Es un equipo ilusionado, fuerte y unido, que combina juventud y experiencia en el gobierno municipal. El bienestar y la calidad de vida de muchas personas depende de nuestra implicaci\u00f3n, responsabilidad y compromiso y todo nuestro equipo comparte estos valores, el Partido Popular es la \u00fanica alternativa real, cre\u00edble y realizable para Chiva\u201d, ha a\u00f1adido el cabeza de lista.<\/p>\n","protected":false},"excerpt":{"rendered":"<div class=\"mh-excerpt\">El actual Alcalde de Chiva y candidato a la reelecci\u00f3n, Jos\u00e9 Manuel Haro, ha querido demostrar el compromiso de su formaci\u00f3n con las urbanizaciones celebrando en Calicanto el mitin central de la campa\u00f1a electoral. Arropado <a class=\"mh-excerpt-more\" href=\"https:\/\/www.tucomarca.com\/wordpress\/segunda\/los-populares-de-chiva-celebran-el-mitin-central-de-campana-en-calicanto\/\" title=\"Los populares de Chiva celebran el mitin central de campa\u00f1a en Calicanto\">[+] <\/a><\/div>\n","protected":false},"author":2,"featured_media":36705,"comment_status":"open","ping_status":"open","sticky":false,"template":"","format":"standard","meta":{"footnotes":""},"categories":[16,8,10,142,3,45],"tags":[895,1561,802,10384,4046,875],"class_list":{"0":"post-36704","1":"post","2":"type-post","3":"status-publish","4":"format-standard","5":"has-post-thumbnail","7":"category-chiva","8":"category-la-comarca","9":"category-la-hoya","10":"category-politica-la-comarca","11":"category-seccion","12":"category-ventana","13":"tag-betoret","14":"tag-calicanto","15":"tag-campana","16":"tag-chiva","17":"tag-jose-manuel-haro","18":"tag-mitin"},"_links":{"self":[{"href":"https:\/\/www.tucomarca.com\/wordpress\/segunda\/wp-json\/wp\/v2\/posts\/36704","targetHints":{"allow":["GET"]}}],"collection":[{"href":"https:\/\/www.tucomarca.com\/wordpress\/segunda\/wp-json\/wp\/v2\/posts"}],"about":[{"href":"https:\/\/www.tucomarca.com\/wordpress\/segunda\/wp-json\/wp\/v2\/types\/post"}],"author":[{"embeddable":true,"href":"https:\/\/www.tucomarca.com\/wordpress\/segunda\/wp-json\/wp\/v2\/users\/2"}],"replies":[{"embeddable":true,"href":"https:\/\/www.tucomarca.com\/wordpress\/segunda\/wp-json\/wp\/v2\/comments?post=36704"}],"version-history":[{"count":0,"href":"https:\/\/www.tucomarca.com\/wordpress\/segunda\/wp-json\/wp\/v2\/posts\/36704\/revisions"}],"wp:featuredmedia":[{"embeddable":true,"href":"https:\/\/www.tucomarca.com\/wordpress\/segunda\/wp-json\/wp\/v2\/media\/36705"}],"wp:attachment":[{"href":"https:\/\/www.tucomarca.com\/wordpress\/segunda\/wp-json\/wp\/v2\/media?parent=36704"}],"wp:term":[{"taxonomy":"category","embeddable":true,"href":"https:\/\/www.tucomarca.com\/wordpress\/segunda\/wp-json\/wp\/v2\/categories?post=36704"},{"taxonomy":"post_tag","embeddable":true,"href":"https:\/\/www.tucomarca.com\/wordpress\/segunda\/wp-json\/wp\/v2\/tags?post=36704"}],"curies":[{"name":"wp","href":"https:\/\/api.w.org\/{rel}","templated":true}]}}