{"id":36867,"date":"2015-05-21T10:31:00","date_gmt":"2015-05-21T07:31:00","guid":{"rendered":"http:\/\/www.tucomarca.com\/wordpress\/segunda\/?p=36867"},"modified":"2015-05-21T10:31:05","modified_gmt":"2015-05-21T07:31:05","slug":"votamos-bunol-plantea-al-tejido-asociativo-la-creacion-efectiva-de-los-consejos-ciudadanos","status":"publish","type":"post","link":"https:\/\/www.tucomarca.com\/wordpress\/segunda\/votamos-bunol-plantea-al-tejido-asociativo-la-creacion-efectiva-de-los-consejos-ciudadanos\/","title":{"rendered":"Votamos Bu\u00f1ol plantea al tejido asociativo la creaci\u00f3n efectiva de los Consejos Ciudadanos"},"content":{"rendered":"<p><figure id=\"attachment_36868\" aria-describedby=\"caption-attachment-36868\" style=\"width: 300px\" class=\"wp-caption alignleft\"><a href=\"https:\/\/www.tucomarca.com\/wordpress\/segunda\/2015\/05\/votamos-bunol-plantea-al-tejido-asociativo-la-creacion-efectiva-de-los-consejos-ciudadanos\/votamos-bunol-2\/\" rel=\"attachment wp-att-36868\"><img loading=\"lazy\" decoding=\"async\" src=\"https:\/\/www.tucomarca.com\/wordpress\/segunda\/wp-content\/uploads\/2015\/05\/votamos-Bunol1-e1432141414789-300x186.jpg\" alt=\"\" title=\"votamos Bunol\" width=\"300\" height=\"186\" class=\"size-medium wp-image-36868\" srcset=\"https:\/\/www.tucomarca.com\/wordpress\/segunda\/wp-content\/uploads\/2015\/05\/votamos-Bunol1-e1432141414789-300x186.jpg 300w, https:\/\/www.tucomarca.com\/wordpress\/segunda\/wp-content\/uploads\/2015\/05\/votamos-Bunol1-e1432141414789-1024x635.jpg 1024w\" sizes=\"auto, (max-width: 300px) 100vw, 300px\" \/><\/a><figcaption id=\"caption-attachment-36868\" class=\"wp-caption-text\">Intervenci\u00f3n del candidato de Votamos Bu\u00f1ol ante el tejido asociativo. tc.c<\/figcaption><\/figure>Seg\u00fan adelant\u00f3 este semanario en su edici\u00f3n impresa, la agrupaci\u00f3n Votamos Bu\u00f1ol ha realizado una reuni\u00f3n con los representantes del tejido asociativo local a fin de testar de primera mano sus opiniones sobre la interacci\u00f3n que mantienen con el Ayuntamiento de la localidad.<br \/>\nTanto el candidato a la alcald\u00eda, Alejandro Agustina, como el resto de componentes del equipo de trabajo de la citada formaci\u00f3n plantearon su propuesta de futuro en la que se apuesta por la creaci\u00f3n de Consejos Ciudadanos.<br \/>\n\u00abLo importante es que las asociaciones canalicen los problemas a trav\u00e9s de estos organismos de participaci\u00f3n para evitar que tengan que actuar como pedig\u00fce\u00f1os ante el Ayuntamiento, pues no lo son. Ser\u00e1n ellos quienes plantear\u00e1n los problemas y quienes consensuar\u00e1n las soluciones y el orden de aplicaci\u00f3n de las mismas\u00bb, como han afirmado desde la citada formaci\u00f3n.<br \/>\nVotamos Bu\u00f1ol sigue la l\u00ednea de \u00abescuchar\u00bb a las personas y de invitarles a participar en la gesti\u00f3n del Ayuntamiento, una de las prioridades perfectamente recogida en su proyecto de futuro.<br \/>\n\u00abNo puede ser que haya cuestiones y peticiones de asociaciones que est\u00e1n a\u00f1os pendientes de soluci\u00f3n. Es algo que no se puede entender. As\u00ed, consideramos que lo mejor es que la asociaci\u00f3n participe en la toma de decisiones. La cita con sus representantes fue muy agradable y productiva\u00bb, han concluido desde la formaci\u00f3n.<br \/>\nEn otro orden de cosas, Votamos Bu\u00f1ol ha celebrado un debate abierto al que han sido invitados ciudadanos, asociaciones, colectivos sociales y partidos pol\u00edticos bajo el ep\u00edgrafe Auditor\u00eda Ciudadana de la deuda y Observatorio Ciudadano Municipal. El evento ha sido protagonizado por miembros de la Plataforma de la Auditor\u00eda Ciudadana de la Deuda (PACD).<br \/>\nPor \u00faltimo, el s\u00e1bado d\u00eda 16 aconteci\u00f3 en el Chalet de Royo un encuentro con vecinos de La Venta que se completar\u00e1 con una actuaci\u00f3n musical, \u00abcomo peque\u00f1a muestra de la decidida apuesta por la cultura, en toda su extensi\u00f3n\u00bb, tal como han subrayado desde Votamos Bu\u00f1ol.<\/p>\n","protected":false},"excerpt":{"rendered":"<div class=\"mh-excerpt\">Seg\u00fan adelant\u00f3 este semanario en su edici\u00f3n impresa, la agrupaci\u00f3n Votamos Bu\u00f1ol ha realizado una reuni\u00f3n con los representantes del tejido asociativo local a fin de testar de primera mano sus opiniones sobre la interacci\u00f3n <a class=\"mh-excerpt-more\" href=\"https:\/\/www.tucomarca.com\/wordpress\/segunda\/votamos-bunol-plantea-al-tejido-asociativo-la-creacion-efectiva-de-los-consejos-ciudadanos\/\" title=\"Votamos Bu\u00f1ol plantea al tejido asociativo la creaci\u00f3n efectiva de los Consejos Ciudadanos\">[+] <\/a><\/div>\n","protected":false},"author":2,"featured_media":36868,"comment_status":"open","ping_status":"open","sticky":false,"template":"","format":"standard","meta":{"footnotes":""},"categories":[18,8,10,142,3],"tags":[1071,7835,6859],"class_list":{"0":"post-36867","1":"post","2":"type-post","3":"status-publish","4":"format-standard","5":"has-post-thumbnail","7":"category-bunol","8":"category-la-comarca","9":"category-la-hoya","10":"category-politica-la-comarca","11":"category-seccion","12":"tag-asociaciones","13":"tag-consejos-participativos","14":"tag-votamos-bunol"},"_links":{"self":[{"href":"https:\/\/www.tucomarca.com\/wordpress\/segunda\/wp-json\/wp\/v2\/posts\/36867","targetHints":{"allow":["GET"]}}],"collection":[{"href":"https:\/\/www.tucomarca.com\/wordpress\/segunda\/wp-json\/wp\/v2\/posts"}],"about":[{"href":"https:\/\/www.tucomarca.com\/wordpress\/segunda\/wp-json\/wp\/v2\/types\/post"}],"author":[{"embeddable":true,"href":"https:\/\/www.tucomarca.com\/wordpress\/segunda\/wp-json\/wp\/v2\/users\/2"}],"replies":[{"embeddable":true,"href":"https:\/\/www.tucomarca.com\/wordpress\/segunda\/wp-json\/wp\/v2\/comments?post=36867"}],"version-history":[{"count":0,"href":"https:\/\/www.tucomarca.com\/wordpress\/segunda\/wp-json\/wp\/v2\/posts\/36867\/revisions"}],"wp:featuredmedia":[{"embeddable":true,"href":"https:\/\/www.tucomarca.com\/wordpress\/segunda\/wp-json\/wp\/v2\/media\/36868"}],"wp:attachment":[{"href":"https:\/\/www.tucomarca.com\/wordpress\/segunda\/wp-json\/wp\/v2\/media?parent=36867"}],"wp:term":[{"taxonomy":"category","embeddable":true,"href":"https:\/\/www.tucomarca.com\/wordpress\/segunda\/wp-json\/wp\/v2\/categories?post=36867"},{"taxonomy":"post_tag","embeddable":true,"href":"https:\/\/www.tucomarca.com\/wordpress\/segunda\/wp-json\/wp\/v2\/tags?post=36867"}],"curies":[{"name":"wp","href":"https:\/\/api.w.org\/{rel}","templated":true}]}}