{"id":36926,"date":"2015-05-22T10:56:10","date_gmt":"2015-05-22T07:56:10","guid":{"rendered":"http:\/\/www.tucomarca.com\/wordpress\/segunda\/?p=36926"},"modified":"2015-05-22T10:56:10","modified_gmt":"2015-05-22T07:56:10","slug":"el-cel-localitza-una-cisterna-del-segle-xviii-al-jaciment-arqueologic-de-la-casablanca-a-la-pobla-de-vallbona","status":"publish","type":"post","link":"https:\/\/www.tucomarca.com\/wordpress\/segunda\/el-cel-localitza-una-cisterna-del-segle-xviii-al-jaciment-arqueologic-de-la-casablanca-a-la-pobla-de-vallbona\/","title":{"rendered":"El CEL localitza una cisterna del segle XVIII al jaciment arqueol\u00f2gic de la Casablanca a la Pobla de Vallbona"},"content":{"rendered":"<p>El Centre d&#8217;Estudis Locals (CEL) de la Pobla de Vallbona ha localitzat una cisterna de principis del segle XVIII en la partida de la Casablanca, en l&#8217;interior del jaciment arqueol\u00f2gic protegit en el pla general d&#8217;ordenaci\u00f3 urbana (PGOU). La cisterna es troba ubicada sota uns enderrocs i tapada per les deixalles i el fem que s&#8217;hi han llan\u00e7at al llarg de les darreres setmanes. <\/p>\n<p>La cisterna trobada exercia una funci\u00f3 important d&#8217;emmagatzemar aigua per abastir els edificis i els masos al llarg de tot l&#8217;any tenint en compte l&#8217;escassesa mitjan\u00e7at un sistema general de recollida que, posteriorment, es feia servir per al consum hum\u00e0 i per regar els diversos conreus que s&#8217;hi plantaven pels voltants dels edificis i les construcci\u00f3 de l&#8217;\u00e8poca. Actualment, es poden vore les inscripcions en bon estat de conservaci\u00f3 de les inscripcions fetes a la superf\u00edcie de la cisterna, amb el nom i la data de realitzaci\u00f3.  <\/p>\n<p>El CEL de la Pobla ha alertat de la necessitat d&#8217;una intervenci\u00f3 urgent sobre la zona per evitar-ne la destrucci\u00f3 definitiva d&#8217;una de les poques reminisc\u00e8ncies del segle XVIII que encara es poden trobar avui dia al municipi, en un indret que fins ara no s&#8217;ha estudiat i que podria servir per explicar i analitzar la forma i l&#8217;estil de vida d&#8217;aquells anys. <\/p>\n<p>Per aix\u00f2, el Centre d&#8217;Estudis Locals ha demanat una protecci\u00f3 immediata sobre el per\u00edmetre on es troba ubicada la cisterna d&#8217;aigua amb l&#8217;objectiu d&#8217;acabar amb l&#8217;abocament d&#8217;enderrocs, materials i deixalles que posen en perill la seua perviv\u00e8ncia alhora que s&#8217;impediria tamb\u00e9 l&#8217;espoli sobre les restes hist\u00f2riques i el robatori de pedres i construcci\u00f3 existents. <\/p>\n<p>A m\u00e9s a m\u00e9s, cal una investigaci\u00f3 arqueol\u00f2gica profunda i rigorosa de les troballes i de tot el material de la Casablanca que fins ara encara no s&#8217;ha realitzat mai tot i la import\u00e0ncia hist\u00f2rica i art\u00edstica d&#8217;aquest indret. De fet, es fa necessari un estudi de les relacions hist\u00f2riques que hi havia entre aquest immoble i els seus habitants amb la Cartoixa de Portacoeli, en Serra, una de les construccions valencianes m\u00e9s conegudes. <\/p>\n<p>El CEL considera \u00abviable\u00bb i \u00abinteressant\u00bb la realitzaci\u00f3 d&#8217;un parc arqueol\u00f2gic a la Casablanca per fer de la Pobla de Vallbona \u00abun referent pel que fa a les troballes de l&#8217;arqueologia de l&#8217;\u00e8poca, amb una atenci\u00f3 especial als vestigis que encara hi existeixen i la seua relaci\u00f3 amb les construcci\u00f3 d&#8217;\u00e8poca romana i ibera que sempre s&#8217;ha dit\u00bb. La ubicaci\u00f3 de la Casablanca en la part nord del terme i a escassos metres del nucli urb\u00e0 s&#8217;explica per raons estrat\u00e8giques i de domini sobre la resta de la localitat. Alhora esdev\u00e9 un referent paisatg\u00edstic visible des de qualsevol punt del terme municipal i que ens ajuda a comprendre la import\u00e0ncia que durant molts anys ha tingut per a la vida econ\u00f2mica i social de la Pobla. <\/p>\n<p>El president del CEL, Jos\u00e9 Luis Crespo, ha assenyalat que la cisterna localitzada \u00ab\u00e9s un fet d&#8217;una gran magnitud per a la Pobla i confirma la import\u00e0ncia que ha tingut hist\u00f2ricament la Casablanca, tant des del punt de vista econ\u00f2mic com estrat\u00e8gic i per aix\u00f2 mateix cal que l&#8217;ajuntament es pose a treballar de valent en l&#8217;estudi i recuperaci\u00f3 d&#8217;un dels jaciments arqueol\u00f2gics que tenim a la Pobla tot i el desconeixement general per als habitants per la manca de campanyes d&#8217;informaci\u00f3 i sensibilitzaci\u00f3 per par de l&#8217;administraci\u00f3\u00bb. <\/p>\n<p>Crespo ha concl\u00f2s amb una crida a tots els partits pol\u00edtics \u00abperqu\u00e8 siguen m\u00e9s conscients de la import\u00e0ncia de protegir i analitzar totes les restes arqueol\u00f2giques que tenim a tot el terme municipal, per a la qual cosa cal a m\u00e9s destinar els recursos econ\u00f2mics i humans per posar en pr\u00e0ctica eixa estima per les nostres arrels hist\u00f2riques\u00bb.   <\/p>\n","protected":false},"excerpt":{"rendered":"<div class=\"mh-excerpt\">El Centre d&#8217;Estudis Locals (CEL) de la Pobla de Vallbona ha localitzat una cisterna de principis del segle XVIII en la partida de la Casablanca, en l&#8217;interior del jaciment arqueol\u00f2gic protegit en el pla general <a class=\"mh-excerpt-more\" href=\"https:\/\/www.tucomarca.com\/wordpress\/segunda\/el-cel-localitza-una-cisterna-del-segle-xviii-al-jaciment-arqueologic-de-la-casablanca-a-la-pobla-de-vallbona\/\" title=\"El CEL localitza una cisterna del segle XVIII al jaciment arqueol\u00f2gic de la Casablanca a la Pobla de Vallbona\">[+] <\/a><\/div>\n","protected":false},"author":2,"featured_media":0,"comment_status":"open","ping_status":"open","sticky":false,"template":"","format":"standard","meta":{"footnotes":""},"categories":[46,8,174,7,3],"tags":[7853,5970,7852,10430],"class_list":{"0":"post-36926","1":"post","2":"type-post","3":"status-publish","4":"format-standard","6":"category-camp-de-turia","7":"category-la-comarca","8":"category-la-pobla","9":"category-ocio-y-cultura","10":"category-seccion","11":"tag-arqueologic","12":"tag-cel","13":"tag-cisterna-segle-xviii","14":"tag-la-pobla"},"_links":{"self":[{"href":"https:\/\/www.tucomarca.com\/wordpress\/segunda\/wp-json\/wp\/v2\/posts\/36926","targetHints":{"allow":["GET"]}}],"collection":[{"href":"https:\/\/www.tucomarca.com\/wordpress\/segunda\/wp-json\/wp\/v2\/posts"}],"about":[{"href":"https:\/\/www.tucomarca.com\/wordpress\/segunda\/wp-json\/wp\/v2\/types\/post"}],"author":[{"embeddable":true,"href":"https:\/\/www.tucomarca.com\/wordpress\/segunda\/wp-json\/wp\/v2\/users\/2"}],"replies":[{"embeddable":true,"href":"https:\/\/www.tucomarca.com\/wordpress\/segunda\/wp-json\/wp\/v2\/comments?post=36926"}],"version-history":[{"count":0,"href":"https:\/\/www.tucomarca.com\/wordpress\/segunda\/wp-json\/wp\/v2\/posts\/36926\/revisions"}],"wp:attachment":[{"href":"https:\/\/www.tucomarca.com\/wordpress\/segunda\/wp-json\/wp\/v2\/media?parent=36926"}],"wp:term":[{"taxonomy":"category","embeddable":true,"href":"https:\/\/www.tucomarca.com\/wordpress\/segunda\/wp-json\/wp\/v2\/categories?post=36926"},{"taxonomy":"post_tag","embeddable":true,"href":"https:\/\/www.tucomarca.com\/wordpress\/segunda\/wp-json\/wp\/v2\/tags?post=36926"}],"curies":[{"name":"wp","href":"https:\/\/api.w.org\/{rel}","templated":true}]}}