{"id":3695,"date":"2012-06-18T11:37:56","date_gmt":"2012-06-18T09:37:56","guid":{"rendered":"http:\/\/www.tucomarca.com\/wordpress\/segunda\/?p=3695"},"modified":"2012-06-18T11:37:56","modified_gmt":"2012-06-18T09:37:56","slug":"csi%c2%b7f-pide-a-la-conselleria-que-no-reduzca-plantilla-en-los-saturados-juzgados-de-requena","status":"publish","type":"post","link":"https:\/\/www.tucomarca.com\/wordpress\/segunda\/csi%c2%b7f-pide-a-la-conselleria-que-no-reduzca-plantilla-en-los-saturados-juzgados-de-requena\/","title":{"rendered":"CSI\u00b7F pide a la Conselleria que no reduzca plantilla en los saturados juzgados de Requena"},"content":{"rendered":"<p>El sindicato CSI\u00b7F denuncia que la Conselleria de Justicia pretende amortizar tres plazas en los juzgados de Requena a pesar de la grave situaci\u00f3n de saturaci\u00f3n que sufren. La central sindical solicita que la administraci\u00f3n mantenga los funcionarios de gesti\u00f3n que quiere amortizar y que, adem\u00e1s, nombre personal de refuerzo.<br \/>\nLa Central Sindical Independiente y de Funcionarios (CSI\u00b7F) explica que el partido judicial de Requena es uno de los m\u00e1s grandes de Espa\u00f1a por la extensi\u00f3n de los 27 municipios que lo conforman. Algunos vecinos se ven obligados a desplazarse hasta 40 kil\u00f3metros para acudir al juzgado. Por ese motivo el sindicato pidi\u00f3 al Gobierno un nuevo partido judicial en Chiva.<br \/>\nEn esta coyuntura, y con la elevada carga de trabajo que soportan, Conselleria ha mantenido hasta ahora una plantilla de ocho funcionarios en lugar de los siete habituales en cada uno de los cuatro juzgados mixtos. No obstante, para finales de mes ha decidido amortizar una plaza en los juzgados 1, 3 y 4. Esto significa la reducci\u00f3n de un puesto en juzgados como el citado tres, que ha pasado de tramitar 461 expedientes civiles en 2007 a 1.125 en 2011.<br \/>\nEl propio Tribunal Superior de Justicia (TSJ) de la Comunidad Valenciana ha advertido, en un informe, que las especiales circunstancias del partido judicial de Requena no recomiendan la amortizaci\u00f3n de plazas.<br \/>\nCSI\u00b7F ha enviado un escrito a Conselleria que en el que pide \u201cun esfuerzo presupuestario\u201d para la necesaria creaci\u00f3n del juzgado mixto n\u00famero cinco. Hasta que esto ocurra reclama \u201cel mantenimiento de las plazas de los funcionarios de gesti\u00f3n que la administraci\u00f3n pretende amortizar y el nombramiento de personal de refuerzo en dichos juzgados\u201d.<\/p>\n","protected":false},"excerpt":{"rendered":"<div class=\"mh-excerpt\">El sindicato CSI\u00b7F denuncia que la Conselleria de Justicia pretende amortizar tres plazas en los juzgados de Requena a pesar de la grave situaci\u00f3n de saturaci\u00f3n que sufren. La central sindical solicita que la administraci\u00f3n <a class=\"mh-excerpt-more\" href=\"https:\/\/www.tucomarca.com\/wordpress\/segunda\/csi%c2%b7f-pide-a-la-conselleria-que-no-reduzca-plantilla-en-los-saturados-juzgados-de-requena\/\" title=\"CSI\u00b7F pide a la Conselleria que no reduzca plantilla en los saturados juzgados de Requena\">[+] <\/a><\/div>\n","protected":false},"author":2,"featured_media":0,"comment_status":"open","ping_status":"open","sticky":false,"template":"","format":"standard","meta":{"footnotes":""},"categories":[8,142,28,27,3],"tags":[],"class_list":{"0":"post-3695","1":"post","2":"type-post","3":"status-publish","4":"format-standard","6":"category-la-comarca","7":"category-politica-la-comarca","8":"category-requena","9":"category-requena-utiel","10":"category-seccion"},"_links":{"self":[{"href":"https:\/\/www.tucomarca.com\/wordpress\/segunda\/wp-json\/wp\/v2\/posts\/3695","targetHints":{"allow":["GET"]}}],"collection":[{"href":"https:\/\/www.tucomarca.com\/wordpress\/segunda\/wp-json\/wp\/v2\/posts"}],"about":[{"href":"https:\/\/www.tucomarca.com\/wordpress\/segunda\/wp-json\/wp\/v2\/types\/post"}],"author":[{"embeddable":true,"href":"https:\/\/www.tucomarca.com\/wordpress\/segunda\/wp-json\/wp\/v2\/users\/2"}],"replies":[{"embeddable":true,"href":"https:\/\/www.tucomarca.com\/wordpress\/segunda\/wp-json\/wp\/v2\/comments?post=3695"}],"version-history":[{"count":0,"href":"https:\/\/www.tucomarca.com\/wordpress\/segunda\/wp-json\/wp\/v2\/posts\/3695\/revisions"}],"wp:attachment":[{"href":"https:\/\/www.tucomarca.com\/wordpress\/segunda\/wp-json\/wp\/v2\/media?parent=3695"}],"wp:term":[{"taxonomy":"category","embeddable":true,"href":"https:\/\/www.tucomarca.com\/wordpress\/segunda\/wp-json\/wp\/v2\/categories?post=3695"},{"taxonomy":"post_tag","embeddable":true,"href":"https:\/\/www.tucomarca.com\/wordpress\/segunda\/wp-json\/wp\/v2\/tags?post=3695"}],"curies":[{"name":"wp","href":"https:\/\/api.w.org\/{rel}","templated":true}]}}