{"id":36967,"date":"2015-05-22T15:58:44","date_gmt":"2015-05-22T12:58:44","guid":{"rendered":"http:\/\/www.tucomarca.com\/wordpress\/segunda\/?p=36967"},"modified":"2015-05-22T15:58:48","modified_gmt":"2015-05-22T12:58:48","slug":"el-psoe-llena-el-aforo-del-salon-de-actos-de-la-cooperativa-%e2%80%9cel-progreso%e2%80%9d-de-san-antonio-de-requena-en-su-mitin-de-campana","status":"publish","type":"post","link":"https:\/\/www.tucomarca.com\/wordpress\/segunda\/el-psoe-llena-el-aforo-del-salon-de-actos-de-la-cooperativa-%e2%80%9cel-progreso%e2%80%9d-de-san-antonio-de-requena-en-su-mitin-de-campana\/","title":{"rendered":"El PSOE llena el aforo del sal\u00f3n de actos de la Cooperativa \u201cEl Progreso\u201d de San Antonio de Requena en su mitin de campa\u00f1a"},"content":{"rendered":"<p><a href=\"https:\/\/www.tucomarca.com\/wordpress\/segunda\/2015\/05\/el-psoe-llena-el-aforo-del-salon-de-actos-de-la-cooperativa-%e2%80%9cel-progreso%e2%80%9d-de-san-antonio-de-requena-en-su-mitin-de-campana\/con-bartolome-nofuentes-diputado-provincial\/\" rel=\"attachment wp-att-36968\"><img loading=\"lazy\" decoding=\"async\" src=\"https:\/\/www.tucomarca.com\/wordpress\/segunda\/wp-content\/uploads\/2015\/05\/Con-Bartolome-Nofuentes-diputado-provincial-300x180.jpg\" alt=\"\" title=\"Con Bartolome Nofuentes diputado provincial\" width=\"300\" height=\"180\" class=\"alignleft size-medium wp-image-36968\" srcset=\"https:\/\/www.tucomarca.com\/wordpress\/segunda\/wp-content\/uploads\/2015\/05\/Con-Bartolome-Nofuentes-diputado-provincial-300x180.jpg 300w, https:\/\/www.tucomarca.com\/wordpress\/segunda\/wp-content\/uploads\/2015\/05\/Con-Bartolome-Nofuentes-diputado-provincial-1024x614.jpg 1024w\" sizes=\"auto, (max-width: 300px) 100vw, 300px\" \/><\/a>Numerosas personas han acompa\u00f1ado al Partido Socialista en su acto de campa\u00f1a en San Antonio, un acto que ha contado con el candidato a la Alcald\u00eda de Requena y concejal en el Ayuntamiento, Mario S\u00e1nchez, el tambi\u00e9n concejal (y vecino de San Antonio), Jos\u00e9 Mart\u00ednez Valle, y el diputado provincial del PSPV-PSOE, Bartolom\u00e9 Nofuentes.<\/p>\n<p>Mart\u00ednez Valle ha sido contundente y ha asegurado que \u201cen San Antonio no somos menos que nadie. Llevamos cuatro a\u00f1os sin gesti\u00f3n. Sin terminar el polideportivo, con la pasarela pendiente\u2026y mientras derrochan dinero poniendo jardineras\u201d.<\/p>\n<p>Por su parte el candidato a la Alcald\u00eda Mario S\u00e1nchez se ha mostrado enormemente satisfecho de realizar este acto en San Antonio: \u201cEs uno de los actos de campa\u00f1a que esperaba con m\u00e1s ilusi\u00f3n, porque llevo a San Antonio en la sangre, y porque desde el Partido Socialista queremos llevar a cabo el programa que hemos hecho para San Antonio, un programa elaborado por gente de aqu\u00ed, que conoce de primera mano las necesidades de los vecinos y vecinas de San Antonio\u201d.<\/p>\n<p>Para el diputado provincial del PSPV-PSOE Bartolom\u00e9 Nofuentes lo m\u00e1s importante es el compromiso del Partido Socialista por defender lo nuestro: \u201cPorque han atacado nuestras se\u00f1as de identidad que es la DOP Utiel \u2013 Requena, y eso no podemos permitirlo\u201d.<\/p>\n","protected":false},"excerpt":{"rendered":"<div class=\"mh-excerpt\">Numerosas personas han acompa\u00f1ado al Partido Socialista en su acto de campa\u00f1a en San Antonio, un acto que ha contado con el candidato a la Alcald\u00eda de Requena y concejal en el Ayuntamiento, Mario S\u00e1nchez, <a class=\"mh-excerpt-more\" href=\"https:\/\/www.tucomarca.com\/wordpress\/segunda\/el-psoe-llena-el-aforo-del-salon-de-actos-de-la-cooperativa-%e2%80%9cel-progreso%e2%80%9d-de-san-antonio-de-requena-en-su-mitin-de-campana\/\" title=\"El PSOE llena el aforo del sal\u00f3n de actos de la Cooperativa \u201cEl Progreso\u201d de San Antonio de Requena en su mitin de campa\u00f1a\">[+] <\/a><\/div>\n","protected":false},"author":2,"featured_media":36968,"comment_status":"open","ping_status":"open","sticky":false,"template":"","format":"standard","meta":{"footnotes":""},"categories":[8,142,27,140,3],"tags":[7865,875,62,10388,10417],"class_list":{"0":"post-36967","1":"post","2":"type-post","3":"status-publish","4":"format-standard","5":"has-post-thumbnail","7":"category-la-comarca","8":"category-politica-la-comarca","9":"category-requena-utiel","10":"category-san-antonio","11":"category-seccion","12":"tag-lleno","13":"tag-mitin","14":"tag-psoe","15":"tag-requena","16":"tag-san-antonio"},"_links":{"self":[{"href":"https:\/\/www.tucomarca.com\/wordpress\/segunda\/wp-json\/wp\/v2\/posts\/36967","targetHints":{"allow":["GET"]}}],"collection":[{"href":"https:\/\/www.tucomarca.com\/wordpress\/segunda\/wp-json\/wp\/v2\/posts"}],"about":[{"href":"https:\/\/www.tucomarca.com\/wordpress\/segunda\/wp-json\/wp\/v2\/types\/post"}],"author":[{"embeddable":true,"href":"https:\/\/www.tucomarca.com\/wordpress\/segunda\/wp-json\/wp\/v2\/users\/2"}],"replies":[{"embeddable":true,"href":"https:\/\/www.tucomarca.com\/wordpress\/segunda\/wp-json\/wp\/v2\/comments?post=36967"}],"version-history":[{"count":0,"href":"https:\/\/www.tucomarca.com\/wordpress\/segunda\/wp-json\/wp\/v2\/posts\/36967\/revisions"}],"wp:featuredmedia":[{"embeddable":true,"href":"https:\/\/www.tucomarca.com\/wordpress\/segunda\/wp-json\/wp\/v2\/media\/36968"}],"wp:attachment":[{"href":"https:\/\/www.tucomarca.com\/wordpress\/segunda\/wp-json\/wp\/v2\/media?parent=36967"}],"wp:term":[{"taxonomy":"category","embeddable":true,"href":"https:\/\/www.tucomarca.com\/wordpress\/segunda\/wp-json\/wp\/v2\/categories?post=36967"},{"taxonomy":"post_tag","embeddable":true,"href":"https:\/\/www.tucomarca.com\/wordpress\/segunda\/wp-json\/wp\/v2\/tags?post=36967"}],"curies":[{"name":"wp","href":"https:\/\/api.w.org\/{rel}","templated":true}]}}