{"id":36975,"date":"2015-05-23T21:17:47","date_gmt":"2015-05-23T18:17:47","guid":{"rendered":"http:\/\/www.tucomarca.com\/wordpress\/segunda\/?p=36975"},"modified":"2015-05-24T12:19:49","modified_gmt":"2015-05-24T09:19:49","slug":"el-cd-bunol-campeon-del-grupo-ii-de-regional-preferente-y-el-chiva-cf-segundo","status":"publish","type":"post","link":"https:\/\/www.tucomarca.com\/wordpress\/segunda\/el-cd-bunol-campeon-del-grupo-ii-de-regional-preferente-y-el-chiva-cf-segundo\/","title":{"rendered":"El CD Bu\u00f1ol, campe\u00f3n del grupo II de Regional Preferente y el Chiva CF, segundo"},"content":{"rendered":"<figure id=\"attachment_36979\" aria-describedby=\"caption-attachment-36979\" style=\"width: 300px\" class=\"wp-caption alignleft\"><a href=\"https:\/\/www.tucomarca.com\/wordpress\/segunda\/wp-content\/uploads\/2015\/05\/Bunyolcampeon2.jpg\"><img loading=\"lazy\" decoding=\"async\" class=\"size-medium wp-image-36979\" title=\"Bunyolcampeon2\" src=\"https:\/\/www.tucomarca.com\/wordpress\/segunda\/wp-content\/uploads\/2015\/05\/Bunyolcampeon2-300x180.jpg\" alt=\"Los juagadores y el cuerpo t\u00e9cnico del CD Bu\u00f1ol celebran su triunfo de este a\u00f1o.\" width=\"300\" height=\"180\" \/><\/a><figcaption id=\"caption-attachment-36979\" class=\"wp-caption-text\">Los juagadores y el cuerpo t\u00e9cnico del CD Bu\u00f1ol celebran su triunfo de este a\u00f1o.<\/figcaption><\/figure>\n<p>El CD Bu\u00f1ol se ha convertido en el campe\u00f3n del Grupo Segundo de Regional Preferente tras su empate la tarde de este s\u00e1bado frente al Disc\u00f3lo La Torre a dos goles, mientras que el Chiva CF ha quedado segundo al no pasar del empate a cero goles frente al Barrio del Cristo.<\/p>\n<p>El Chiva CF se queda por tanto en la segunda posici\u00f3n de la tabla y podr\u00e1 jugar la promoci\u00f3n de ascenso; mientras que el tercer puesto es para el propio Barrio del Cristo, ya que el Torrente, el cuarto equipo en liza por la promoci\u00f3n, ha ca\u00eddo derrotado por un gol a dos frente al Burjassot.<\/p>\n<p>En breve os informaremos de los cruces para la disputa de la promoci\u00f3n de ascenso a Tercera Divisi\u00f3n.<\/p>\n<p>&nbsp;<\/p>\n","protected":false},"excerpt":{"rendered":"<div class=\"mh-excerpt\">El CD Bu\u00f1ol se ha convertido en el campe\u00f3n del Grupo Segundo de Regional Preferente tras su empate la tarde de este s\u00e1bado frente al Disc\u00f3lo La Torre a dos goles, mientras que el Chiva <a class=\"mh-excerpt-more\" href=\"https:\/\/www.tucomarca.com\/wordpress\/segunda\/el-cd-bunol-campeon-del-grupo-ii-de-regional-preferente-y-el-chiva-cf-segundo\/\" title=\"El CD Bu\u00f1ol, campe\u00f3n del grupo II de Regional Preferente y el Chiva CF, segundo\">[+] <\/a><\/div>\n","protected":false},"author":1,"featured_media":36979,"comment_status":"open","ping_status":"open","sticky":false,"template":"","format":"standard","meta":{"footnotes":""},"categories":[18,50,6,10,3,45],"tags":[],"class_list":{"0":"post-36975","1":"post","2":"type-post","3":"status-publish","4":"format-standard","5":"has-post-thumbnail","7":"category-bunol","8":"category-futbol-deportes","9":"category-deportes","10":"category-la-hoya","11":"category-seccion","12":"category-ventana"},"_links":{"self":[{"href":"https:\/\/www.tucomarca.com\/wordpress\/segunda\/wp-json\/wp\/v2\/posts\/36975","targetHints":{"allow":["GET"]}}],"collection":[{"href":"https:\/\/www.tucomarca.com\/wordpress\/segunda\/wp-json\/wp\/v2\/posts"}],"about":[{"href":"https:\/\/www.tucomarca.com\/wordpress\/segunda\/wp-json\/wp\/v2\/types\/post"}],"author":[{"embeddable":true,"href":"https:\/\/www.tucomarca.com\/wordpress\/segunda\/wp-json\/wp\/v2\/users\/1"}],"replies":[{"embeddable":true,"href":"https:\/\/www.tucomarca.com\/wordpress\/segunda\/wp-json\/wp\/v2\/comments?post=36975"}],"version-history":[{"count":0,"href":"https:\/\/www.tucomarca.com\/wordpress\/segunda\/wp-json\/wp\/v2\/posts\/36975\/revisions"}],"wp:featuredmedia":[{"embeddable":true,"href":"https:\/\/www.tucomarca.com\/wordpress\/segunda\/wp-json\/wp\/v2\/media\/36979"}],"wp:attachment":[{"href":"https:\/\/www.tucomarca.com\/wordpress\/segunda\/wp-json\/wp\/v2\/media?parent=36975"}],"wp:term":[{"taxonomy":"category","embeddable":true,"href":"https:\/\/www.tucomarca.com\/wordpress\/segunda\/wp-json\/wp\/v2\/categories?post=36975"},{"taxonomy":"post_tag","embeddable":true,"href":"https:\/\/www.tucomarca.com\/wordpress\/segunda\/wp-json\/wp\/v2\/tags?post=36975"}],"curies":[{"name":"wp","href":"https:\/\/api.w.org\/{rel}","templated":true}]}}