{"id":36983,"date":"2015-05-24T13:48:34","date_gmt":"2015-05-24T10:48:34","guid":{"rendered":"http:\/\/www.tucomarca.com\/wordpress\/segunda\/?p=36983"},"modified":"2015-05-24T13:48:34","modified_gmt":"2015-05-24T10:48:34","slug":"la-normalidad-preside-el-arranque-de-la-jornada-electoral-en-las-comarcas-del-interior","status":"publish","type":"post","link":"https:\/\/www.tucomarca.com\/wordpress\/segunda\/la-normalidad-preside-el-arranque-de-la-jornada-electoral-en-las-comarcas-del-interior\/","title":{"rendered":"La normalidad preside el arranque de la jornada electoral en las comarcas del interior"},"content":{"rendered":"<figure id=\"attachment_36989\" aria-describedby=\"caption-attachment-36989\" style=\"width: 300px\" class=\"wp-caption alignleft\"><a href=\"https:\/\/www.tucomarca.com\/wordpress\/segunda\/wp-content\/uploads\/2015\/05\/votaciones.jpg\"><img loading=\"lazy\" decoding=\"async\" class=\"size-medium wp-image-36989\" title=\"votaciones\" src=\"https:\/\/www.tucomarca.com\/wordpress\/segunda\/wp-content\/uploads\/2015\/05\/votaciones-300x180.jpg\" alt=\"La normalidad ha presidido el arranque de la jornada electoral de este domingo, 24 de mayo.\" width=\"300\" height=\"180\" srcset=\"https:\/\/www.tucomarca.com\/wordpress\/segunda\/wp-content\/uploads\/2015\/05\/votaciones-300x180.jpg 300w, https:\/\/www.tucomarca.com\/wordpress\/segunda\/wp-content\/uploads\/2015\/05\/votaciones-1024x614.jpg 1024w\" sizes=\"auto, (max-width: 300px) 100vw, 300px\" \/><\/a><figcaption id=\"caption-attachment-36989\" class=\"wp-caption-text\">La normalidad ha presidido el arranque de la jornada electoral de este domingo, 24 de mayo.<\/figcaption><\/figure>\n<p>La normalidad, con la total ausencia de incidentes a destacar, ha presidido el arranque de la jornada electoral en la comarca, donde la totalidad de los colegios electorales ha abierto sus puertas sin contratiempos.<\/p>\n<p>De hecho, el propio Delegado del Gobierno en la Comunitat Valenciana, Seraf\u00edn Castellano, ha destacado la \u201cnormalidad como t\u00f3nica general en la apertura de los colegios electorales de la Comunitat Valenciana\u201d.<\/p>\n<p>El Delegado, que ha comparecido para dar cuenta de las posibles incidencias en la apertura de los colegios electorales de la Comunitat ha destacado que las incidencias \u201chan sido m\u00ednimas y se han resuelto con normalidad y rapidez, lo que ha permitido constituir el 100% de las mesas electorales y que los ciudadanos est\u00e9n ejerciendo el derecho a voto con total normalidad\u201d<\/p>\n<p>Castellano ha explicado que las incidencias que se han producido son las t\u00edpicas de silicona en las cerraduras, retraso en la llegada de los responsables, la falta de papeletas o la no presentaci\u00f3n de algunos miembros de las mesas electorales. En este \u00faltimo caso concreto, ha citado como ejemplo la incidencia en el colegio electoral Las Cigarreras de Alicante que ha constituido la mesa a las 9:40 horas y a las 9:50 horas ha empezado la votaci\u00f3n.<\/p>\n<p>El Delegado ha destacado tambi\u00e9n la total normalidad en la constituci\u00f3n de las 87 mesas de la ciudad de Torrente que en estos comicios es ciudad MAE (Mesa administrada electr\u00f3nicamente).<\/p>\n<p>Seraf\u00edn Castellano ha recordado que para estos comicios auton\u00f3micos y locales est\u00e1n llamados a votar un total de 3.680.599 electores, (161.091 nuevos electores respecto a 2011) que tienen a su disposici\u00f3n 2.236 colegios electorales y 5.763 mesas electorales. Todo ello para elegir a los 542 alcaldes y 5.742 concejales en la Comunitat.<\/p>\n<p>Adem\u00e1s, ha recordado que un total de 2.845 representantes de la Administraci\u00f3n General del Estado trabajan en la jornada de hoy para que todo transcurra con normalidad junto al dispositivo de seguridad formado por m\u00e1s de 8.647 efectivos tanto de las FCSE como polic\u00edas locales.<\/p>\n<p>Por \u00faltimo, el Delegado ha hecho hincapi\u00e9 la normalidad en la que se ha iniciado la jornada electoral en la Comunitat \u201cdemuestra la madurez democr\u00e1tica\u201d y se ha mostrado confiado en que esa normalidad siga\u00a0 siendo lo habitual durante toda la jornada\u201d.<\/p>\n","protected":false},"excerpt":{"rendered":"<div class=\"mh-excerpt\">La normalidad, con la total ausencia de incidentes a destacar, ha presidido el arranque de la jornada electoral en la comarca, donde la totalidad de los colegios electorales ha abierto sus puertas sin contratiempos. De <a class=\"mh-excerpt-more\" href=\"https:\/\/www.tucomarca.com\/wordpress\/segunda\/la-normalidad-preside-el-arranque-de-la-jornada-electoral-en-las-comarcas-del-interior\/\" title=\"La normalidad preside el arranque de la jornada electoral en las comarcas del interior\">[+] <\/a><\/div>\n","protected":false},"author":1,"featured_media":36989,"comment_status":"open","ping_status":"open","sticky":false,"template":"","format":"standard","meta":{"footnotes":""},"categories":[8,10,142,3,45],"tags":[],"class_list":{"0":"post-36983","1":"post","2":"type-post","3":"status-publish","4":"format-standard","5":"has-post-thumbnail","7":"category-la-comarca","8":"category-la-hoya","9":"category-politica-la-comarca","10":"category-seccion","11":"category-ventana"},"_links":{"self":[{"href":"https:\/\/www.tucomarca.com\/wordpress\/segunda\/wp-json\/wp\/v2\/posts\/36983","targetHints":{"allow":["GET"]}}],"collection":[{"href":"https:\/\/www.tucomarca.com\/wordpress\/segunda\/wp-json\/wp\/v2\/posts"}],"about":[{"href":"https:\/\/www.tucomarca.com\/wordpress\/segunda\/wp-json\/wp\/v2\/types\/post"}],"author":[{"embeddable":true,"href":"https:\/\/www.tucomarca.com\/wordpress\/segunda\/wp-json\/wp\/v2\/users\/1"}],"replies":[{"embeddable":true,"href":"https:\/\/www.tucomarca.com\/wordpress\/segunda\/wp-json\/wp\/v2\/comments?post=36983"}],"version-history":[{"count":0,"href":"https:\/\/www.tucomarca.com\/wordpress\/segunda\/wp-json\/wp\/v2\/posts\/36983\/revisions"}],"wp:featuredmedia":[{"embeddable":true,"href":"https:\/\/www.tucomarca.com\/wordpress\/segunda\/wp-json\/wp\/v2\/media\/36989"}],"wp:attachment":[{"href":"https:\/\/www.tucomarca.com\/wordpress\/segunda\/wp-json\/wp\/v2\/media?parent=36983"}],"wp:term":[{"taxonomy":"category","embeddable":true,"href":"https:\/\/www.tucomarca.com\/wordpress\/segunda\/wp-json\/wp\/v2\/categories?post=36983"},{"taxonomy":"post_tag","embeddable":true,"href":"https:\/\/www.tucomarca.com\/wordpress\/segunda\/wp-json\/wp\/v2\/tags?post=36983"}],"curies":[{"name":"wp","href":"https:\/\/api.w.org\/{rel}","templated":true}]}}