{"id":36986,"date":"2015-05-24T12:21:19","date_gmt":"2015-05-24T09:21:19","guid":{"rendered":"http:\/\/www.tucomarca.com\/wordpress\/segunda\/?p=36986"},"modified":"2015-05-24T12:21:19","modified_gmt":"2015-05-24T09:21:19","slug":"la-generalitat-decreta-el-nivel-3-de-preemergencia-riesgo-maximo-de-incendios-forestales-en-la-comunitat","status":"publish","type":"post","link":"https:\/\/www.tucomarca.com\/wordpress\/segunda\/la-generalitat-decreta-el-nivel-3-de-preemergencia-riesgo-maximo-de-incendios-forestales-en-la-comunitat\/","title":{"rendered":"La Generalitat decreta el Nivel 3 de Preemergencia, riesgo m\u00e1ximo de incendios forestales, en la Comunitat"},"content":{"rendered":"<p>La Generalitat, a trav\u00e9s de la Conselleria de Gobernaci\u00f3n y Justicia,  ha decretado hoy domingo, 24 de mayo, el Nivel 3 de Preemergencia,  riesgo m\u00e1ximo de incendios forestales, en toda la Comunitat.<\/p>\n<p>La  Agencia Estatal de Meteorolog\u00eda (AEMET) prev\u00e9 un d\u00eda con \u00abintervalos  nubosos predominando nubes medias y altas, m\u00e1s abundantes en el tercio  sur, donde no se descarta alguna precipitaci\u00f3n d\u00e9bil en el litoral. En  el interior, nubes de evoluci\u00f3n diurna, sin descartar por la tarde  chubascos dispersos en el interior de la mitad norte. Temperaturas  m\u00ednimas sin cambios o en ascenso y m\u00e1ximas en descenso en la mitad sur y  sin cambios en el resto. En la mitad norte de Castell\u00f3n, viento del  noroeste moderado y en el resto, variable flojo. Tendiendo en general a  viento de componente este flojo a moderado\u00bb.<\/p>\n<p>La  Conselleria de Gobernaci\u00f3n y Justicia recuerda que el Nivel 3 de  Preemergencia o riesgo m\u00e1ximo de incendios forestales supone la  prohibici\u00f3n de realizar cualquier tipo de fuego, incluso en las zonas  recreativas autorizadas y habilitadas al efecto.<\/p>\n<p>Ante esta  situaci\u00f3n, el CCE mantiene contacto directo con todos los ayuntamientos y  organismos de emergencia afectados con el fin de informarles de la  situaci\u00f3n y evoluci\u00f3n de la Preemergencia prevista para el d\u00eda hoy. Los  efectivos que conforman el Plan Especial ante el riesgo de incendios  forestales de la Comunitat se encuentran en m\u00e1xima alerta por si es  necesaria su intervenci\u00f3n.<\/p>\n<p>Por \u00faltimo, el CCE y la  Conselleria de Gobernaci\u00f3n y Justicia hacen un llamamiento a la  prudencia de la sociedad en general para evitar, en la medida de lo  posible, posibles incendios forestales y a respetar y cumplir en todo  momento las normas que se derivan de decretar Preemergencia por riesgo  de incendios forestales.<\/p>\n<p><strong>Consejos a la poblaci\u00f3n sobre incendios forestales:<\/strong><\/p>\n<p>No encender fuego bajo ning\u00fan concepto<\/p>\n<p>No fumar mientras se camina por el monte, ni arrojar, en ning\u00fan concepto, colillas o f\u00f3sforos desde veh\u00edculos.<\/p>\n<p>No utilizar artefactos o material explosivo como petardos, masclets, carcasas, etc.<\/p>\n<p>Nunca arrojar basuras, depositarlas en el contenedor del municipio m\u00e1s cercano.<\/p>\n<p>En  el monte o en sus inmediaciones nunca arrojar artefactos o material  explosivo como petardos, masclets, carcasas, etc., ni utilizar sin  autorizaci\u00f3n herramientas o motores que puedan producir una chispa o un  fuego.<\/p>\n<p>Si detecta un incendio, comun\u00edquelo inmediatamente al  tel\u00e9fono &#8216;112 Comunitat Valenciana&#8217;, sin pensar que alguien lo habr\u00e1  hecho ya o dar aviso a las autoridades m\u00e1s cercanas.<\/p>\n<p>En caso de  incendio, siga en todo momento las indicaciones que le sean dadas por el  personal que tiene atribuidas las misiones de vigilancia y extinci\u00f3n.  Est\u00e1n velando por tu seguridad e integridad f\u00edsica.<\/p>\n","protected":false},"excerpt":{"rendered":"<div class=\"mh-excerpt\">La Generalitat, a trav\u00e9s de la Conselleria de Gobernaci\u00f3n y Justicia, ha decretado hoy domingo, 24 de mayo, el Nivel 3 de Preemergencia, riesgo m\u00e1ximo de incendios forestales, en toda la Comunitat. La Agencia Estatal <a class=\"mh-excerpt-more\" href=\"https:\/\/www.tucomarca.com\/wordpress\/segunda\/la-generalitat-decreta-el-nivel-3-de-preemergencia-riesgo-maximo-de-incendios-forestales-en-la-comunitat\/\" title=\"La Generalitat decreta el Nivel 3 de Preemergencia, riesgo m\u00e1ximo de incendios forestales, en la Comunitat\">[+] <\/a><\/div>\n","protected":false},"author":1,"featured_media":0,"comment_status":"open","ping_status":"open","sticky":false,"template":"","format":"standard","meta":{"footnotes":""},"categories":[8,72,117,27,3],"tags":[],"class_list":{"0":"post-36986","1":"post","2":"type-post","3":"status-publish","4":"format-standard","6":"category-la-comarca","7":"category-sin-categorizar","8":"category-medio-ambiente-la-comarca","9":"category-requena-utiel","10":"category-seccion"},"_links":{"self":[{"href":"https:\/\/www.tucomarca.com\/wordpress\/segunda\/wp-json\/wp\/v2\/posts\/36986","targetHints":{"allow":["GET"]}}],"collection":[{"href":"https:\/\/www.tucomarca.com\/wordpress\/segunda\/wp-json\/wp\/v2\/posts"}],"about":[{"href":"https:\/\/www.tucomarca.com\/wordpress\/segunda\/wp-json\/wp\/v2\/types\/post"}],"author":[{"embeddable":true,"href":"https:\/\/www.tucomarca.com\/wordpress\/segunda\/wp-json\/wp\/v2\/users\/1"}],"replies":[{"embeddable":true,"href":"https:\/\/www.tucomarca.com\/wordpress\/segunda\/wp-json\/wp\/v2\/comments?post=36986"}],"version-history":[{"count":0,"href":"https:\/\/www.tucomarca.com\/wordpress\/segunda\/wp-json\/wp\/v2\/posts\/36986\/revisions"}],"wp:attachment":[{"href":"https:\/\/www.tucomarca.com\/wordpress\/segunda\/wp-json\/wp\/v2\/media?parent=36986"}],"wp:term":[{"taxonomy":"category","embeddable":true,"href":"https:\/\/www.tucomarca.com\/wordpress\/segunda\/wp-json\/wp\/v2\/categories?post=36986"},{"taxonomy":"post_tag","embeddable":true,"href":"https:\/\/www.tucomarca.com\/wordpress\/segunda\/wp-json\/wp\/v2\/tags?post=36986"}],"curies":[{"name":"wp","href":"https:\/\/api.w.org\/{rel}","templated":true}]}}