{"id":3699,"date":"2012-06-18T11:44:51","date_gmt":"2012-06-18T09:44:51","guid":{"rendered":"http:\/\/www.tucomarca.com\/wordpress\/segunda\/?p=3699"},"modified":"2012-06-18T11:44:51","modified_gmt":"2012-06-18T09:44:51","slug":"la-plataforma-en-defensa-de-la-ensenanza-publica-anuncia-nuevas-movilizaciones-para-el-proximo-curso-escolar","status":"publish","type":"post","link":"https:\/\/www.tucomarca.com\/wordpress\/segunda\/la-plataforma-en-defensa-de-la-ensenanza-publica-anuncia-nuevas-movilizaciones-para-el-proximo-curso-escolar\/","title":{"rendered":"La Plataforma en Defensa de la Ense\u00f1anza P\u00fablica anuncia nuevas movilizaciones para el pr\u00f3ximo curso escolar"},"content":{"rendered":"<figure id=\"attachment_3700\" aria-describedby=\"caption-attachment-3700\" style=\"width: 300px\" class=\"wp-caption alignleft\"><a href=\"https:\/\/www.tucomarca.com\/wordpress\/segunda\/wp-content\/uploads\/2012\/06\/aplecplataformes.jpg\"><img loading=\"lazy\" decoding=\"async\" class=\"size-medium wp-image-3700\" title=\"aplecplataformes\" src=\"https:\/\/www.tucomarca.com\/wordpress\/segunda\/wp-content\/uploads\/2012\/06\/aplecplataformes-300x225.jpg\" alt=\"Un moment de l'Asamblea a Val\u00e8ncia.\" width=\"300\" height=\"225\" srcset=\"https:\/\/www.tucomarca.com\/wordpress\/segunda\/wp-content\/uploads\/2012\/06\/aplecplataformes-300x225.jpg 300w, https:\/\/www.tucomarca.com\/wordpress\/segunda\/wp-content\/uploads\/2012\/06\/aplecplataformes-1024x768.jpg 1024w\" sizes=\"auto, (max-width: 300px) 100vw, 300px\" \/><\/a><figcaption id=\"caption-attachment-3700\" class=\"wp-caption-text\">Un moment de l&#39;Asamblea a Val\u00e8ncia.<\/figcaption><\/figure>\n<p>Centenars de persones han assistit aquest diumenge a la Festa reivindicativa organitzada per la Plataforma en Defensa de l&#8217;Ensenyament P\u00fablic per a tancar el curs. A l&#8217;Aplec de Plataformes comarcals, que es realitzava simult\u00e0niament, hi han assistit vint-i-dues i han acordat f\u00f2rmules de coordinaci\u00f3 i un calendari de mobilitzacions per a setembre.<\/p>\n<p>L&#8217;Aplec de Plataformes ha proposat noves mobilitzacions el curs que ve davant l&#8217;aplicaci\u00f3\u00a0 de les noves normatives de retallades en educaci\u00f3 (massificaci\u00f3 de les aules, augment horari lectiu, acomiadament de professorat, etc.). La Plataforma en Defensa de l&#8217;Ensenyament P\u00fablic es reunir\u00e0 pr\u00f2ximament per ordenar les propostes i concretar el calendari de mobilitzacions que s&#8217;iniciar\u00e0 amb accions concretes els mateixos dies que comence el curs, \u00e9s a dir, divendres 7 de setembre a infantil i prim\u00e0ria, i divendres 14 de setembre als instituts. Aquest calendari de mobilitzacions es donar\u00e0 a con\u00e9ixer en roda de premsa.<\/p>\n<p>Tamb\u00e9 s&#8217;ha acordat crear un espai a internet de comunicaci\u00f3 i de coordinaci\u00f3 de totes les plataformes i l&#8217;elaboraci\u00f3 d&#8217;un document d&#8217;an\u00e0lisi de la situaci\u00f3 de l&#8217;escola p\u00fablica despr\u00e9s de l&#8217;aplicaci\u00f3 de les retallades per part del govern valenci\u00e0.<\/p>\n<p>Quant a la Festa Reivindicativa, les persones que hi han assistit han pogut gaudir de l&#8217;actuaci\u00f3 del cantautor Dani Miquel i els m\u00e9s menuts dels diversos tallers que s&#8217;han organitzat.<\/p>\n<p>La portaveu de la Plataforma i presidenta de FAPA-Val\u00e8ncia, Remei Santacatalina, ha concl\u00f3s la jornada l\u00fadico-reivindicativa amb la lectura d&#8217;un manifest (que adjuntem), en qu\u00e8 es rebutja la pol\u00edtica de retallades del govern estatal i auton\u00f2mic, es denuncia els intents de coacci\u00f3 i repressi\u00f3 de les protestes i s&#8217;aposta clarament per un model d&#8217;escola p\u00fablica, en valenci\u00e0 i de qualitat.<\/p>\n","protected":false},"excerpt":{"rendered":"<div class=\"mh-excerpt\">Centenars de persones han assistit aquest diumenge a la Festa reivindicativa organitzada per la Plataforma en Defensa de l&#8217;Ensenyament P\u00fablic per a tancar el curs. A l&#8217;Aplec de Plataformes comarcals, que es realitzava simult\u00e0niament, hi <a class=\"mh-excerpt-more\" href=\"https:\/\/www.tucomarca.com\/wordpress\/segunda\/la-plataforma-en-defensa-de-la-ensenanza-publica-anuncia-nuevas-movilizaciones-para-el-proximo-curso-escolar\/\" title=\"La Plataforma en Defensa de la Ense\u00f1anza P\u00fablica anuncia nuevas movilizaciones para el pr\u00f3ximo curso escolar\">[+] <\/a><\/div>\n","protected":false},"author":1,"featured_media":3700,"comment_status":"open","ping_status":"open","sticky":false,"template":"","format":"standard","meta":{"footnotes":""},"categories":[72,7,3,45],"tags":[],"class_list":{"0":"post-3699","1":"post","2":"type-post","3":"status-publish","4":"format-standard","5":"has-post-thumbnail","7":"category-sin-categorizar","8":"category-ocio-y-cultura","9":"category-seccion","10":"category-ventana"},"_links":{"self":[{"href":"https:\/\/www.tucomarca.com\/wordpress\/segunda\/wp-json\/wp\/v2\/posts\/3699","targetHints":{"allow":["GET"]}}],"collection":[{"href":"https:\/\/www.tucomarca.com\/wordpress\/segunda\/wp-json\/wp\/v2\/posts"}],"about":[{"href":"https:\/\/www.tucomarca.com\/wordpress\/segunda\/wp-json\/wp\/v2\/types\/post"}],"author":[{"embeddable":true,"href":"https:\/\/www.tucomarca.com\/wordpress\/segunda\/wp-json\/wp\/v2\/users\/1"}],"replies":[{"embeddable":true,"href":"https:\/\/www.tucomarca.com\/wordpress\/segunda\/wp-json\/wp\/v2\/comments?post=3699"}],"version-history":[{"count":0,"href":"https:\/\/www.tucomarca.com\/wordpress\/segunda\/wp-json\/wp\/v2\/posts\/3699\/revisions"}],"wp:featuredmedia":[{"embeddable":true,"href":"https:\/\/www.tucomarca.com\/wordpress\/segunda\/wp-json\/wp\/v2\/media\/3700"}],"wp:attachment":[{"href":"https:\/\/www.tucomarca.com\/wordpress\/segunda\/wp-json\/wp\/v2\/media?parent=3699"}],"wp:term":[{"taxonomy":"category","embeddable":true,"href":"https:\/\/www.tucomarca.com\/wordpress\/segunda\/wp-json\/wp\/v2\/categories?post=3699"},{"taxonomy":"post_tag","embeddable":true,"href":"https:\/\/www.tucomarca.com\/wordpress\/segunda\/wp-json\/wp\/v2\/tags?post=3699"}],"curies":[{"name":"wp","href":"https:\/\/api.w.org\/{rel}","templated":true}]}}