{"id":37010,"date":"2015-05-24T20:47:42","date_gmt":"2015-05-24T17:47:42","guid":{"rendered":"http:\/\/www.tucomarca.com\/wordpress\/segunda\/?p=37010"},"modified":"2015-05-24T20:47:42","modified_gmt":"2015-05-24T17:47:42","slug":"la-generalitat-valenciana-destaca-que-el-indice-de-participacion-es-del-5653-hasta-las-18-horas","status":"publish","type":"post","link":"https:\/\/www.tucomarca.com\/wordpress\/segunda\/la-generalitat-valenciana-destaca-que-el-indice-de-participacion-es-del-5653-hasta-las-18-horas\/","title":{"rendered":"La Generalitat Valenciana destaca que el \u00edndice de participaci\u00f3n es del 56,53 % hasta las 18 horas"},"content":{"rendered":"<p><span style=\"font-family: Tahoma, sans-serif; font-size: small;\"><\/p>\n<figure id=\"attachment_37014\" aria-describedby=\"caption-attachment-37014\" style=\"width: 283px\" class=\"wp-caption alignleft\"><a href=\"https:\/\/www.tucomarca.com\/wordpress\/segunda\/wp-content\/uploads\/2015\/05\/gentevotando1.jpg\"><img loading=\"lazy\" decoding=\"async\" class=\"size-full wp-image-37014\" title=\"gentevotando1\" src=\"https:\/\/www.tucomarca.com\/wordpress\/segunda\/wp-content\/uploads\/2015\/05\/gentevotando1.jpg\" alt=\"Electores ejerciendo su derecho a voto duranet la jornada electoral en Bu\u00f1ol.\" width=\"283\" height=\"190\" \/><\/a><figcaption id=\"caption-attachment-37014\" class=\"wp-caption-text\">Electores ejerciendo su derecho a voto duranet la jornada electoral en Bu\u00f1ol.<\/figcaption><\/figure>\n<p>El conseller de Gobernaci\u00f3n y Justicia, Luis Santamar\u00eda, ha asegurado que el \u00edndice de participaci\u00f3n en la Comunitat es del 56,53% hasta las 18,00 horas con el 99,83% de las mesas reportadas. Esta cifra supone un incremento del 0,82% con respecto a la misma hora de los comicios de 2011.<\/span><\/p>\n<p lang=\"ca-ES\"><span style=\"font-family: Tahoma, sans-serif;\"><span style=\"font-size: small;\">El conseller, que ha comparecido en rueda de prensa para dar el segundo balance de participaci\u00f3n de electores en la pr\u00e1ctica totalidad de las 5.763 mesas electorales que se han habilitado en toda la Comunitat Valenciana, ha explicado que la Junta Electoral Central ha acordado que \u201cpara salvaguardar la objetividad y transparencia del proceso electoral, as\u00ed como el principio de igualdad, no deben difundirse los resulatdos electorales hasta las 21 horas, que es la hora prevista de cierre de los colegios electorales en las Islas Canarias, extendi\u00e9ndose esta prohibici\u00f3n a las elecciones, a los parlamentos de las Comunidades Aut\u00f3nomas. Recordar, asimismo, que el art\u00edculo 95.3 de la LOREG establece que el escrutinio de las elecciones locales se ha de efectuar antes que el escrutinio de las auton\u00f3micas\u201d.<\/span><\/span><\/p>\n<p lang=\"ca-ES\"><span style=\"font-size: small;\"><span style=\"color: #000000;\"><span style=\"font-family: Tahoma, sans-serif;\"><span style=\"font-size: small;\">Luis Santamar\u00eda ha detallado que, en la provincia de Alicante, el porcentaje de personas que han ejercido su derecho al voto es del <\/span><\/span><\/span><span style=\"font-family: Tahoma, sans-serif;\"><span style=\"font-size: small;\">53,80%,<\/span><\/span><span style=\"color: #000000;\"><span style=\"font-family: Tahoma, sans-serif;\"><span style=\"font-size: small;\"> lo que supone un descenso del 0,36% respecto a las pasadas elecciones auton\u00f3micas y municipales.<\/span><\/span><\/span><\/span><\/p>\n<p lang=\"ca-ES\"><span style=\"font-family: Tahoma, sans-serif;\"><span style=\"font-size: small;\">Por lo que respecta a la ciudad de Alicante, los representantes de la Administraci\u00f3n han contabilizado hasta las 18 horas un porcentaje de participaci\u00f3n del 50,68%, es decir, un 2,57% m\u00e1s que en los anteriores comicios.<\/span><\/span><\/p>\n<p lang=\"ca-ES\"><span style=\"font-family: Tahoma, sans-serif;\"><span style=\"font-size: small;\">El conseller ha destacado que el porcentaje de participaci\u00f3n de la ciudad de Alicante es de 8,12 puntos menos con respecto a los datos registrados de participaci\u00f3n en el resto de la provincia.<\/span><\/span><\/p>\n<p lang=\"ca-ES\"><span style=\"font-family: Tahoma, sans-serif;\"><span style=\"font-size: small;\">Por su parte, en la provincia de Castell\u00f3n han votado un 57,89% de los ciudadanos censados hasta las 18 horas, lo que representa un aumento del 2,03% respecto a las elecciones de 2011.<\/span><\/span><\/p>\n<p lang=\"ca-ES\"><span style=\"font-family: Tahoma, sans-serif;\"><span style=\"font-size: small;\">Mientras, en la capital de La Plana el nivel de participaci\u00f3n a esta hora es del 53,47%; un porcentaje mayor que en las anteriores elecciones.<\/span><\/span><\/p>\n<p lang=\"ca-ES\"><span style=\"font-family: Tahoma, sans-serif;\"><span style=\"font-size: small;\">Seg\u00fan Santamar\u00eda, estos datos indican que el porcentaje de participaci\u00f3n de la ciudad de Castell\u00f3n es 4,42 puntos menos con respecto a los datos del resto de la provincia.<\/span><\/span><\/p>\n<p lang=\"ca-ES\"><span style=\"font-family: Tahoma, sans-serif;\"><span style=\"font-size: small;\">Finalmente, los ciudadanos que han votado en la provincia de Valencia representan el 58,03% hasta las 18 horas, mayor que en 2011 cuando la participaci\u00f3n fue del 56,66%.<\/span><\/span><\/p>\n<p lang=\"ca-ES\"><span style=\"font-family: Tahoma, sans-serif; font-size: small;\">En Valencia ciudad la participaci\u00f3n a esta hora se sit\u00faa en el 56,50%, una cifra que representa un aumento de la participaci\u00f3n respecto a 2011.<\/span><\/p>\n<p lang=\"ca-ES\"><span style=\"font-family: Tahoma, sans-serif;\"><span style=\"font-size: small;\">El porcentaje de participaci\u00f3n de la ciudad de Valencia es 1,48 puntos inferior al registrado en el resto de la provincia. Cabe destacar que tanto en la provincia de Valencia como en Valencia ciudad es donde m\u00e1s participaci\u00f3n global se ha registrado en t\u00e9rminos porcentuales.<\/span><\/span><\/p>\n<p lang=\"ca-ES\"><span style=\"font-family: Tahoma, sans-serif;\"><span style=\"font-size: small;\">Santamar\u00eda tambi\u00e9n ha realizado una breve menci\u00f3n a las dos localidades en las que, por distintos motivos, son especiales en cuanto a organizaci\u00f3n y gesti\u00f3n del dispositivo electoral.<\/span><\/span><\/p>\n","protected":false},"excerpt":{"rendered":"<div class=\"mh-excerpt\">El conseller de Gobernaci\u00f3n y Justicia, Luis Santamar\u00eda, ha asegurado que el \u00edndice de participaci\u00f3n en la Comunitat es del 56,53% hasta las 18,00 horas con el 99,83% de las mesas reportadas. Esta cifra supone <a class=\"mh-excerpt-more\" href=\"https:\/\/www.tucomarca.com\/wordpress\/segunda\/la-generalitat-valenciana-destaca-que-el-indice-de-participacion-es-del-5653-hasta-las-18-horas\/\" title=\"La Generalitat Valenciana destaca que el \u00edndice de participaci\u00f3n es del 56,53 % hasta las 18 horas\">[+] <\/a><\/div>\n","protected":false},"author":1,"featured_media":37014,"comment_status":"open","ping_status":"open","sticky":false,"template":"","format":"standard","meta":{"footnotes":""},"categories":[18,8,10,142,3,45],"tags":[],"class_list":{"0":"post-37010","1":"post","2":"type-post","3":"status-publish","4":"format-standard","5":"has-post-thumbnail","7":"category-bunol","8":"category-la-comarca","9":"category-la-hoya","10":"category-politica-la-comarca","11":"category-seccion","12":"category-ventana"},"_links":{"self":[{"href":"https:\/\/www.tucomarca.com\/wordpress\/segunda\/wp-json\/wp\/v2\/posts\/37010","targetHints":{"allow":["GET"]}}],"collection":[{"href":"https:\/\/www.tucomarca.com\/wordpress\/segunda\/wp-json\/wp\/v2\/posts"}],"about":[{"href":"https:\/\/www.tucomarca.com\/wordpress\/segunda\/wp-json\/wp\/v2\/types\/post"}],"author":[{"embeddable":true,"href":"https:\/\/www.tucomarca.com\/wordpress\/segunda\/wp-json\/wp\/v2\/users\/1"}],"replies":[{"embeddable":true,"href":"https:\/\/www.tucomarca.com\/wordpress\/segunda\/wp-json\/wp\/v2\/comments?post=37010"}],"version-history":[{"count":0,"href":"https:\/\/www.tucomarca.com\/wordpress\/segunda\/wp-json\/wp\/v2\/posts\/37010\/revisions"}],"wp:featuredmedia":[{"embeddable":true,"href":"https:\/\/www.tucomarca.com\/wordpress\/segunda\/wp-json\/wp\/v2\/media\/37014"}],"wp:attachment":[{"href":"https:\/\/www.tucomarca.com\/wordpress\/segunda\/wp-json\/wp\/v2\/media?parent=37010"}],"wp:term":[{"taxonomy":"category","embeddable":true,"href":"https:\/\/www.tucomarca.com\/wordpress\/segunda\/wp-json\/wp\/v2\/categories?post=37010"},{"taxonomy":"post_tag","embeddable":true,"href":"https:\/\/www.tucomarca.com\/wordpress\/segunda\/wp-json\/wp\/v2\/tags?post=37010"}],"curies":[{"name":"wp","href":"https:\/\/api.w.org\/{rel}","templated":true}]}}