{"id":37038,"date":"2015-05-24T23:39:58","date_gmt":"2015-05-24T20:39:58","guid":{"rendered":"http:\/\/www.tucomarca.com\/wordpress\/segunda\/?p=37038"},"modified":"2015-05-24T23:40:02","modified_gmt":"2015-05-24T20:40:02","slug":"jose-ricardo-perez-mantiene-al-partido-popular-en-el-gobierno-de-millares","status":"publish","type":"post","link":"https:\/\/www.tucomarca.com\/wordpress\/segunda\/jose-ricardo-perez-mantiene-al-partido-popular-en-el-gobierno-de-millares\/","title":{"rendered":"Jos\u00e9 Ricardo P\u00e9rez mantiene al Partido Popular en el gobierno de Millares"},"content":{"rendered":"<figure id=\"attachment_37096\" aria-describedby=\"caption-attachment-37096\" style=\"width: 300px\" class=\"wp-caption alignleft\"><a rel=\"attachment wp-att-37096\" href=\"https:\/\/www.tucomarca.com\/wordpress\/segunda\/2015\/05\/jose-ricardo-perez-mantiene-al-partido-popular-en-el-gobierno-de-millares\/millarespp\/\"><img loading=\"lazy\" decoding=\"async\" class=\"size-medium wp-image-37096\" title=\"millarespp\" src=\"https:\/\/www.tucomarca.com\/wordpress\/segunda\/wp-content\/uploads\/2015\/05\/millarespp-300x180.jpg\" alt=\"Jos\u00e9 Ricardo P\u00e9rez (PP) ser\u00e1 el pr\u00f3ximo alcalde de Millares. tc.c\" width=\"300\" height=\"180\" srcset=\"https:\/\/www.tucomarca.com\/wordpress\/segunda\/wp-content\/uploads\/2015\/05\/millarespp-300x180.jpg 300w, https:\/\/www.tucomarca.com\/wordpress\/segunda\/wp-content\/uploads\/2015\/05\/millarespp-1024x614.jpg 1024w, https:\/\/www.tucomarca.com\/wordpress\/segunda\/wp-content\/uploads\/2015\/05\/millarespp.jpg 1063w\" sizes=\"auto, (max-width: 300px) 100vw, 300px\" \/><\/a><figcaption id=\"caption-attachment-37096\" class=\"wp-caption-text\">Jos\u00e9 Ricardo P\u00e9rez (PP) ser\u00e1 el pr\u00f3ximo alcalde de Millares. tc.c<\/figcaption><\/figure>\n<p>Si en el a\u00f1o 2011 la victoria del Partido Popular de Millares fue por apenas 9 votos, en esta \u00faltima cita lectoral los populares se han impuesto nuevamente, aunque con mayor holgura.<\/p>\n<p>As\u00ed, el Popular Jos\u00e9 Ricardo P\u00e9rez, quien sustituye a Higinio P\u00e9rez, ser\u00e1 el pr\u00f3ximo alcalde del municipio.<\/p>\n<p>En n\u00fameros, el PP ha conseguido 179 votos, frente a los 150 del Partido Socialista encabezado por Faustino Grau. Atendiendo a este reparto, el reparto de concejales ser\u00e1 de 4 a 3 a favor de los populares.<\/p>\n<p>Es oportuno subrayar que en 2011 la victoria del PP fue por 183 a 174 votos.<\/p>\n<p>&nbsp;<\/p>\n","protected":false},"excerpt":{"rendered":"<div class=\"mh-excerpt\">Si en el a\u00f1o 2011 la victoria del Partido Popular de Millares fue por apenas 9 votos, en esta \u00faltima cita lectoral los populares se han impuesto nuevamente, aunque con mayor holgura. As\u00ed, el Popular <a class=\"mh-excerpt-more\" href=\"https:\/\/www.tucomarca.com\/wordpress\/segunda\/jose-ricardo-perez-mantiene-al-partido-popular-en-el-gobierno-de-millares\/\" title=\"Jos\u00e9 Ricardo P\u00e9rez mantiene al Partido Popular en el gobierno de Millares\">[+] <\/a><\/div>\n","protected":false},"author":2,"featured_media":37096,"comment_status":"open","ping_status":"open","sticky":false,"template":"","format":"standard","meta":{"footnotes":""},"categories":[70,8,10,71,142,3,45],"tags":[],"class_list":{"0":"post-37038","1":"post","2":"type-post","3":"status-publish","4":"format-standard","5":"has-post-thumbnail","7":"category-la-canal-de-navarres","8":"category-la-comarca","9":"category-la-hoya","10":"category-millares","11":"category-politica-la-comarca","12":"category-seccion","13":"category-ventana"},"_links":{"self":[{"href":"https:\/\/www.tucomarca.com\/wordpress\/segunda\/wp-json\/wp\/v2\/posts\/37038","targetHints":{"allow":["GET"]}}],"collection":[{"href":"https:\/\/www.tucomarca.com\/wordpress\/segunda\/wp-json\/wp\/v2\/posts"}],"about":[{"href":"https:\/\/www.tucomarca.com\/wordpress\/segunda\/wp-json\/wp\/v2\/types\/post"}],"author":[{"embeddable":true,"href":"https:\/\/www.tucomarca.com\/wordpress\/segunda\/wp-json\/wp\/v2\/users\/2"}],"replies":[{"embeddable":true,"href":"https:\/\/www.tucomarca.com\/wordpress\/segunda\/wp-json\/wp\/v2\/comments?post=37038"}],"version-history":[{"count":0,"href":"https:\/\/www.tucomarca.com\/wordpress\/segunda\/wp-json\/wp\/v2\/posts\/37038\/revisions"}],"wp:featuredmedia":[{"embeddable":true,"href":"https:\/\/www.tucomarca.com\/wordpress\/segunda\/wp-json\/wp\/v2\/media\/37096"}],"wp:attachment":[{"href":"https:\/\/www.tucomarca.com\/wordpress\/segunda\/wp-json\/wp\/v2\/media?parent=37038"}],"wp:term":[{"taxonomy":"category","embeddable":true,"href":"https:\/\/www.tucomarca.com\/wordpress\/segunda\/wp-json\/wp\/v2\/categories?post=37038"},{"taxonomy":"post_tag","embeddable":true,"href":"https:\/\/www.tucomarca.com\/wordpress\/segunda\/wp-json\/wp\/v2\/tags?post=37038"}],"curies":[{"name":"wp","href":"https:\/\/api.w.org\/{rel}","templated":true}]}}