{"id":3705,"date":"2012-06-18T12:02:37","date_gmt":"2012-06-18T10:02:37","guid":{"rendered":"http:\/\/www.tucomarca.com\/wordpress\/segunda\/?p=3705"},"modified":"2012-06-18T12:05:57","modified_gmt":"2012-06-18T10:05:57","slug":"los-integrantes-de-la-quinta-de-1962-de-cheste-celebran-su-50-aniversario","status":"publish","type":"post","link":"https:\/\/www.tucomarca.com\/wordpress\/segunda\/los-integrantes-de-la-quinta-de-1962-de-cheste-celebran-su-50-aniversario\/","title":{"rendered":"Los integrantes de la quinta de 1962 de Cheste celebran su 50 aniversario"},"content":{"rendered":"<p style=\"text-align: left;\">&nbsp;<\/p>\n<figure id=\"attachment_3706\" aria-describedby=\"caption-attachment-3706\" style=\"width: 614px\" class=\"wp-caption aligncenter\"><a href=\"https:\/\/www.tucomarca.com\/wordpress\/segunda\/wp-content\/uploads\/2012\/06\/quinta62.jpg\"><img loading=\"lazy\" decoding=\"async\" class=\"size-large wp-image-3706 \" title=\"quinta62\" src=\"https:\/\/www.tucomarca.com\/wordpress\/segunda\/wp-content\/uploads\/2012\/06\/quinta62-1024x618.jpg\" alt=\"Los integrantes de la quinta durante la comida.\" width=\"614\" height=\"371\" \/><\/a><figcaption id=\"caption-attachment-3706\" class=\"wp-caption-text\">Los integrantes de la quinta, que este a\u00f1o cumple su cincuenta aniversario, durante la comida.<\/figcaption><\/figure>\n<p>Los integrantes de la quinta de 1962 de Cheste han celebrado este fin de semana una comida para festejar sus 50 a\u00f1os desde que fueron llamados para realizar el servicio militar. Nacidos la gran mayor\u00eda en el 1941, estos chestanos contin\u00faan reuni\u00e9ndose y festejando el momento que los uni\u00f3 como amigos y compa\u00f1eros. Los quintos disfrutaron de una comida de hermandad en la que compartieron numerosos recuerdos y an\u00e9cdotas ocurridas en aquella etapa de su vida as\u00ed como en los \u00faltimos a\u00f1os.<\/p>\n","protected":false},"excerpt":{"rendered":"<div class=\"mh-excerpt\">&nbsp; Los integrantes de la quinta de 1962 de Cheste han celebrado este fin de semana una comida para festejar sus 50 a\u00f1os desde que fueron llamados para realizar el servicio militar. Nacidos la gran <a class=\"mh-excerpt-more\" href=\"https:\/\/www.tucomarca.com\/wordpress\/segunda\/los-integrantes-de-la-quinta-de-1962-de-cheste-celebran-su-50-aniversario\/\" title=\"Los integrantes de la quinta de 1962 de Cheste celebran su 50 aniversario\">[+] <\/a><\/div>\n","protected":false},"author":1,"featured_media":3706,"comment_status":"open","ping_status":"open","sticky":false,"template":"","format":"standard","meta":{"footnotes":""},"categories":[17,10,5,3,45],"tags":[],"class_list":{"0":"post-3705","1":"post","2":"type-post","3":"status-publish","4":"format-standard","5":"has-post-thumbnail","7":"category-cheste","8":"category-la-hoya","9":"category-la-semana-en-imagenes","10":"category-seccion","11":"category-ventana"},"_links":{"self":[{"href":"https:\/\/www.tucomarca.com\/wordpress\/segunda\/wp-json\/wp\/v2\/posts\/3705","targetHints":{"allow":["GET"]}}],"collection":[{"href":"https:\/\/www.tucomarca.com\/wordpress\/segunda\/wp-json\/wp\/v2\/posts"}],"about":[{"href":"https:\/\/www.tucomarca.com\/wordpress\/segunda\/wp-json\/wp\/v2\/types\/post"}],"author":[{"embeddable":true,"href":"https:\/\/www.tucomarca.com\/wordpress\/segunda\/wp-json\/wp\/v2\/users\/1"}],"replies":[{"embeddable":true,"href":"https:\/\/www.tucomarca.com\/wordpress\/segunda\/wp-json\/wp\/v2\/comments?post=3705"}],"version-history":[{"count":0,"href":"https:\/\/www.tucomarca.com\/wordpress\/segunda\/wp-json\/wp\/v2\/posts\/3705\/revisions"}],"wp:featuredmedia":[{"embeddable":true,"href":"https:\/\/www.tucomarca.com\/wordpress\/segunda\/wp-json\/wp\/v2\/media\/3706"}],"wp:attachment":[{"href":"https:\/\/www.tucomarca.com\/wordpress\/segunda\/wp-json\/wp\/v2\/media?parent=3705"}],"wp:term":[{"taxonomy":"category","embeddable":true,"href":"https:\/\/www.tucomarca.com\/wordpress\/segunda\/wp-json\/wp\/v2\/categories?post=3705"},{"taxonomy":"post_tag","embeddable":true,"href":"https:\/\/www.tucomarca.com\/wordpress\/segunda\/wp-json\/wp\/v2\/tags?post=3705"}],"curies":[{"name":"wp","href":"https:\/\/api.w.org\/{rel}","templated":true}]}}