{"id":37061,"date":"2015-05-24T22:31:18","date_gmt":"2015-05-24T19:31:18","guid":{"rendered":"http:\/\/www.tucomarca.com\/wordpress\/segunda\/?p=37061"},"modified":"2015-05-24T22:32:06","modified_gmt":"2015-05-24T19:32:06","slug":"santamaria-cita-algun-incidente-puntual-durante-la-jornada-electoral-dentro-de-la-normalidad-con-la-que-ha-transcurrido","status":"publish","type":"post","link":"https:\/\/www.tucomarca.com\/wordpress\/segunda\/santamaria-cita-algun-incidente-puntual-durante-la-jornada-electoral-dentro-de-la-normalidad-con-la-que-ha-transcurrido\/","title":{"rendered":"Santamar\u00eda cita \u00abalg\u00fan incidente puntual\u00bb durante la jornada electoral dentro de la \u00abnormalidad con la que ha transcurrido\u00bb"},"content":{"rendered":"<div>\n<p>El conseller de Gobernaci\u00f3n y Justicia, Luis Santamar\u00eda, ha informado en un resumen sobre las incidencias que se han producido al cierre de los colegios electorales de la Comunitat Valenciana que la jornada electoral \u00abha transcurrido con normalidad, aunque ha habido alg\u00fan peque\u00f1o incidente puntual\u00bb.<\/p>\n<p>As\u00ed, ha indicado que en Elche se ha producido una agresi\u00f3n a un interventor. \u00abPasadas las 20 horas el colegio electoral del centro de Xirivella ha permanecido abierto 20 minutos m\u00e1s porque tard\u00f3 dicho tiempo en constituirse. Lo mismo ha sucedido con el colegio San Vicente Ferrer de Ruzafa, cuando a las 20.05 horas se ha decido que se mantenga abierto 30 minutos m\u00e1s\u00bb, ha explicado.<\/p>\n<p>Tambi\u00e9n un colegio de Alcoi ha cerrado 30 minutos m\u00e1s tarde, as\u00ed como el Colegio Cervantes del Distrito de Abastos de Valencia, que ha cerrado a las 20.30 horas por una reclamaci\u00f3n.<\/p>\n<p>El conseller ha indicado que se ha producido una peque\u00f1a agresi\u00f3n entre dos personas en el Colegio Alem\u00e1n de Valencia mientras ejerc\u00eda el derecho a voto.<\/p>\n<\/div>\n","protected":false},"excerpt":{"rendered":"<div class=\"mh-excerpt\">El conseller de Gobernaci\u00f3n y Justicia, Luis Santamar\u00eda, ha informado en un resumen sobre las incidencias que se han producido al cierre de los colegios electorales de la Comunitat Valenciana que la jornada electoral \u00abha <a class=\"mh-excerpt-more\" href=\"https:\/\/www.tucomarca.com\/wordpress\/segunda\/santamaria-cita-algun-incidente-puntual-durante-la-jornada-electoral-dentro-de-la-normalidad-con-la-que-ha-transcurrido\/\" title=\"Santamar\u00eda cita \u00abalg\u00fan incidente puntual\u00bb durante la jornada electoral dentro de la \u00abnormalidad con la que ha transcurrido\u00bb\">[+] <\/a><\/div>\n","protected":false},"author":1,"featured_media":0,"comment_status":"open","ping_status":"open","sticky":false,"template":"","format":"standard","meta":{"footnotes":""},"categories":[8,72,142,27,3],"tags":[],"class_list":{"0":"post-37061","1":"post","2":"type-post","3":"status-publish","4":"format-standard","6":"category-la-comarca","7":"category-sin-categorizar","8":"category-politica-la-comarca","9":"category-requena-utiel","10":"category-seccion"},"_links":{"self":[{"href":"https:\/\/www.tucomarca.com\/wordpress\/segunda\/wp-json\/wp\/v2\/posts\/37061","targetHints":{"allow":["GET"]}}],"collection":[{"href":"https:\/\/www.tucomarca.com\/wordpress\/segunda\/wp-json\/wp\/v2\/posts"}],"about":[{"href":"https:\/\/www.tucomarca.com\/wordpress\/segunda\/wp-json\/wp\/v2\/types\/post"}],"author":[{"embeddable":true,"href":"https:\/\/www.tucomarca.com\/wordpress\/segunda\/wp-json\/wp\/v2\/users\/1"}],"replies":[{"embeddable":true,"href":"https:\/\/www.tucomarca.com\/wordpress\/segunda\/wp-json\/wp\/v2\/comments?post=37061"}],"version-history":[{"count":0,"href":"https:\/\/www.tucomarca.com\/wordpress\/segunda\/wp-json\/wp\/v2\/posts\/37061\/revisions"}],"wp:attachment":[{"href":"https:\/\/www.tucomarca.com\/wordpress\/segunda\/wp-json\/wp\/v2\/media?parent=37061"}],"wp:term":[{"taxonomy":"category","embeddable":true,"href":"https:\/\/www.tucomarca.com\/wordpress\/segunda\/wp-json\/wp\/v2\/categories?post=37061"},{"taxonomy":"post_tag","embeddable":true,"href":"https:\/\/www.tucomarca.com\/wordpress\/segunda\/wp-json\/wp\/v2\/tags?post=37061"}],"curies":[{"name":"wp","href":"https:\/\/api.w.org\/{rel}","templated":true}]}}