{"id":37101,"date":"2015-05-24T23:47:28","date_gmt":"2015-05-24T20:47:28","guid":{"rendered":"http:\/\/www.tucomarca.com\/wordpress\/segunda\/?p=37101"},"modified":"2015-05-25T00:00:55","modified_gmt":"2015-05-24T21:00:55","slug":"el-pp-pierde-su-mayoria-absoluta-en-yatova-en-favor-de-un-posible-pacto-entre-psoe-y-la-agrupacion-de-electores","status":"publish","type":"post","link":"https:\/\/www.tucomarca.com\/wordpress\/segunda\/el-pp-pierde-su-mayoria-absoluta-en-yatova-en-favor-de-un-posible-pacto-entre-psoe-y-la-agrupacion-de-electores\/","title":{"rendered":"El PP pierde su mayor\u00eda absoluta en Y\u00e1tova en favor de un posible pacto entre PSOE y la Agrupaci\u00f3n de Electores"},"content":{"rendered":"<figure id=\"attachment_37125\" aria-describedby=\"caption-attachment-37125\" style=\"width: 300px\" class=\"wp-caption alignleft\"><a href=\"https:\/\/www.tucomarca.com\/wordpress\/segunda\/wp-content\/uploads\/2015\/05\/yatovatres.jpg\"><img loading=\"lazy\" decoding=\"async\" class=\"size-medium wp-image-37125\" title=\"yatovatres\" src=\"https:\/\/www.tucomarca.com\/wordpress\/segunda\/wp-content\/uploads\/2015\/05\/yatovatres-300x180.jpg\" alt=\"Rafael Lisarde (PP); Miguel T\u00f3rtola (PSOE); y V\u00edctor Perell\u00f3 (Agrupaci\u00f3n de Electores).\" width=\"300\" height=\"180\" srcset=\"https:\/\/www.tucomarca.com\/wordpress\/segunda\/wp-content\/uploads\/2015\/05\/yatovatres-300x180.jpg 300w, https:\/\/www.tucomarca.com\/wordpress\/segunda\/wp-content\/uploads\/2015\/05\/yatovatres-1024x614.jpg 1024w, https:\/\/www.tucomarca.com\/wordpress\/segunda\/wp-content\/uploads\/2015\/05\/yatovatres.jpg 1063w\" sizes=\"auto, (max-width: 300px) 100vw, 300px\" \/><\/a><figcaption id=\"caption-attachment-37125\" class=\"wp-caption-text\">Rafael Lisarde (PP); Miguel T\u00f3rtola (PSOE); y V\u00edctor Perell\u00f3 (Agrupaci\u00f3n de Electores).<\/figcaption><\/figure>\n<p>El Partido Popular ha vuelto a ser la lista m\u00e1s votada en Y\u00e1tova, consiguendo 621 sufragios y un total de 5 ediles; no obstante un n\u00famero insuficiente para poder gobernar dado que PSOE y la agrupaci\u00f3n de electores han conseguido 4 ediles (477 sufragios) y 2 ediles (338 votos), respectivamente, por lo que la suma de ambos desbancar\u00eda al PP del gobierno local.<\/p>\n<p>&nbsp;<\/p>\n<p>De este modo, todo hace pensar en un posible pacto entre ambas formaciones que desbanque de la alcald\u00eda al actual alcalde Popular, Rafael Lisarde.<\/p>\n","protected":false},"excerpt":{"rendered":"<div class=\"mh-excerpt\">El Partido Popular ha vuelto a ser la lista m\u00e1s votada en Y\u00e1tova, consiguendo 621 sufragios y un total de 5 ediles; no obstante un n\u00famero insuficiente para poder gobernar dado que PSOE y la <a class=\"mh-excerpt-more\" href=\"https:\/\/www.tucomarca.com\/wordpress\/segunda\/el-pp-pierde-su-mayoria-absoluta-en-yatova-en-favor-de-un-posible-pacto-entre-psoe-y-la-agrupacion-de-electores\/\" title=\"El PP pierde su mayor\u00eda absoluta en Y\u00e1tova en favor de un posible pacto entre PSOE y la Agrupaci\u00f3n de Electores\">[+] <\/a><\/div>\n","protected":false},"author":1,"featured_media":37125,"comment_status":"open","ping_status":"open","sticky":false,"template":"","format":"standard","meta":{"footnotes":""},"categories":[8,10,142,3,45,11],"tags":[],"class_list":{"0":"post-37101","1":"post","2":"type-post","3":"status-publish","4":"format-standard","5":"has-post-thumbnail","7":"category-la-comarca","8":"category-la-hoya","9":"category-politica-la-comarca","10":"category-seccion","11":"category-ventana","12":"category-yatova"},"_links":{"self":[{"href":"https:\/\/www.tucomarca.com\/wordpress\/segunda\/wp-json\/wp\/v2\/posts\/37101","targetHints":{"allow":["GET"]}}],"collection":[{"href":"https:\/\/www.tucomarca.com\/wordpress\/segunda\/wp-json\/wp\/v2\/posts"}],"about":[{"href":"https:\/\/www.tucomarca.com\/wordpress\/segunda\/wp-json\/wp\/v2\/types\/post"}],"author":[{"embeddable":true,"href":"https:\/\/www.tucomarca.com\/wordpress\/segunda\/wp-json\/wp\/v2\/users\/1"}],"replies":[{"embeddable":true,"href":"https:\/\/www.tucomarca.com\/wordpress\/segunda\/wp-json\/wp\/v2\/comments?post=37101"}],"version-history":[{"count":0,"href":"https:\/\/www.tucomarca.com\/wordpress\/segunda\/wp-json\/wp\/v2\/posts\/37101\/revisions"}],"wp:featuredmedia":[{"embeddable":true,"href":"https:\/\/www.tucomarca.com\/wordpress\/segunda\/wp-json\/wp\/v2\/media\/37125"}],"wp:attachment":[{"href":"https:\/\/www.tucomarca.com\/wordpress\/segunda\/wp-json\/wp\/v2\/media?parent=37101"}],"wp:term":[{"taxonomy":"category","embeddable":true,"href":"https:\/\/www.tucomarca.com\/wordpress\/segunda\/wp-json\/wp\/v2\/categories?post=37101"},{"taxonomy":"post_tag","embeddable":true,"href":"https:\/\/www.tucomarca.com\/wordpress\/segunda\/wp-json\/wp\/v2\/tags?post=37101"}],"curies":[{"name":"wp","href":"https:\/\/api.w.org\/{rel}","templated":true}]}}