{"id":37116,"date":"2015-05-25T00:04:59","date_gmt":"2015-05-24T21:04:59","guid":{"rendered":"http:\/\/www.tucomarca.com\/wordpress\/segunda\/?p=37116"},"modified":"2015-05-25T00:05:03","modified_gmt":"2015-05-24T21:05:03","slug":"la-ausencia-de-una-mayoria-absoluta-deja-en-el-aire-la-gobernabilidad-en-godelleta","status":"publish","type":"post","link":"https:\/\/www.tucomarca.com\/wordpress\/segunda\/la-ausencia-de-una-mayoria-absoluta-deja-en-el-aire-la-gobernabilidad-en-godelleta\/","title":{"rendered":"La ausencia de una mayor\u00eda absoluta deja en el aire la gobernabilidad en Godelleta"},"content":{"rendered":"<figure id=\"attachment_37128\" aria-describedby=\"caption-attachment-37128\" style=\"width: 300px\" class=\"wp-caption alignleft\"><a rel=\"attachment wp-att-37128\" href=\"https:\/\/www.tucomarca.com\/wordpress\/segunda\/2015\/05\/la-ausencia-de-una-mayoria-absoluta-deja-en-el-aire-la-gobernabilidad-en-godelleta\/godelletatres\/\"><img loading=\"lazy\" decoding=\"async\" class=\"size-medium wp-image-37128\" title=\"godelletatres\" src=\"https:\/\/www.tucomarca.com\/wordpress\/segunda\/wp-content\/uploads\/2015\/05\/godelletatres-300x180.jpg\" alt=\"Carmen Valero (PP), Rafael Fora (PSOE) y Pablo Rodr\u00edguez (PSOE). tc.c\" width=\"300\" height=\"180\" srcset=\"https:\/\/www.tucomarca.com\/wordpress\/segunda\/wp-content\/uploads\/2015\/05\/godelletatres-300x180.jpg 300w, https:\/\/www.tucomarca.com\/wordpress\/segunda\/wp-content\/uploads\/2015\/05\/godelletatres-1024x614.jpg 1024w, https:\/\/www.tucomarca.com\/wordpress\/segunda\/wp-content\/uploads\/2015\/05\/godelletatres.jpg 1063w\" sizes=\"auto, (max-width: 300px) 100vw, 300px\" \/><\/a><figcaption id=\"caption-attachment-37128\" class=\"wp-caption-text\">Carmen Valero (PP), Rafael Fora (PSOE) y Pablo Rodr\u00edguez (PSOE). tc.c<\/figcaption><\/figure>\n<p>En Godelleta, la ausencia de mayor\u00edas absolutas vuelve a dejar abierta la gobernabilidad del Ayuntamiento. Pese a que Carmen Valero ha conseguido mantener la hegemon\u00eda del Partido Popular, no ha logrado la mayor\u00eda absoluta.<\/p>\n<p>El Partido Popular ha sumado 760 votos, frente a los 557 del Partido Socialista \u2014encabezado por Rafael Fora\u2014 y los 438 de Esquerra Unida y la Plataforma de Urbanizaciones, una candidatura en la que Pablo Rodr\u00edguez ha ejercido como n\u00famero 1.<\/p>\n<p>As\u00ed las cosas, los populares obtienen 5 concejales, el PSOE 3 y EU-PUG 3.<\/p>\n<p>A tenor de los resultados, se tendr\u00e1 que estar muy al pendiente de los posibles acercamientos, aunque en la \u00faltima legislatura Salvador Mar\u00edn (PP) pudo gobernar en minor\u00eda ante la falta de entendimiento entre PSOE y EU-PUG.<\/p>\n<p>&nbsp;<\/p>\n","protected":false},"excerpt":{"rendered":"<div class=\"mh-excerpt\">En Godelleta, la ausencia de mayor\u00edas absolutas vuelve a dejar abierta la gobernabilidad del Ayuntamiento. Pese a que Carmen Valero ha conseguido mantener la hegemon\u00eda del Partido Popular, no ha logrado la mayor\u00eda absoluta. El <a class=\"mh-excerpt-more\" href=\"https:\/\/www.tucomarca.com\/wordpress\/segunda\/la-ausencia-de-una-mayoria-absoluta-deja-en-el-aire-la-gobernabilidad-en-godelleta\/\" title=\"La ausencia de una mayor\u00eda absoluta deja en el aire la gobernabilidad en Godelleta\">[+] <\/a><\/div>\n","protected":false},"author":2,"featured_media":37128,"comment_status":"open","ping_status":"open","sticky":false,"template":"","format":"standard","meta":{"footnotes":""},"categories":[14,8,10,142,3,45],"tags":[275,10383,7875,7874,7876,63,62],"class_list":{"0":"post-37116","1":"post","2":"type-post","3":"status-publish","4":"format-standard","5":"has-post-thumbnail","7":"category-godelleta","8":"category-la-comarca","9":"category-la-hoya","10":"category-politica-la-comarca","11":"category-seccion","12":"category-ventana","13":"tag-eu","14":"tag-godelleta","15":"tag-no-mayoria-absoluta","16":"tag-pactos","17":"tag-pierde-hegemonia","18":"tag-pp","19":"tag-psoe"},"_links":{"self":[{"href":"https:\/\/www.tucomarca.com\/wordpress\/segunda\/wp-json\/wp\/v2\/posts\/37116","targetHints":{"allow":["GET"]}}],"collection":[{"href":"https:\/\/www.tucomarca.com\/wordpress\/segunda\/wp-json\/wp\/v2\/posts"}],"about":[{"href":"https:\/\/www.tucomarca.com\/wordpress\/segunda\/wp-json\/wp\/v2\/types\/post"}],"author":[{"embeddable":true,"href":"https:\/\/www.tucomarca.com\/wordpress\/segunda\/wp-json\/wp\/v2\/users\/2"}],"replies":[{"embeddable":true,"href":"https:\/\/www.tucomarca.com\/wordpress\/segunda\/wp-json\/wp\/v2\/comments?post=37116"}],"version-history":[{"count":0,"href":"https:\/\/www.tucomarca.com\/wordpress\/segunda\/wp-json\/wp\/v2\/posts\/37116\/revisions"}],"wp:featuredmedia":[{"embeddable":true,"href":"https:\/\/www.tucomarca.com\/wordpress\/segunda\/wp-json\/wp\/v2\/media\/37128"}],"wp:attachment":[{"href":"https:\/\/www.tucomarca.com\/wordpress\/segunda\/wp-json\/wp\/v2\/media?parent=37116"}],"wp:term":[{"taxonomy":"category","embeddable":true,"href":"https:\/\/www.tucomarca.com\/wordpress\/segunda\/wp-json\/wp\/v2\/categories?post=37116"},{"taxonomy":"post_tag","embeddable":true,"href":"https:\/\/www.tucomarca.com\/wordpress\/segunda\/wp-json\/wp\/v2\/tags?post=37116"}],"curies":[{"name":"wp","href":"https:\/\/api.w.org\/{rel}","templated":true}]}}