{"id":37136,"date":"2015-05-25T00:18:11","date_gmt":"2015-05-24T21:18:11","guid":{"rendered":"http:\/\/www.tucomarca.com\/wordpress\/segunda\/?p=37136"},"modified":"2015-05-25T00:18:11","modified_gmt":"2015-05-24T21:18:11","slug":"el-partido-popular-vence-en-alzira-aunque-la-gobernabilidad-queda-pendiente-de-pactos","status":"publish","type":"post","link":"https:\/\/www.tucomarca.com\/wordpress\/segunda\/el-partido-popular-vence-en-alzira-aunque-la-gobernabilidad-queda-pendiente-de-pactos\/","title":{"rendered":"El Partido Popular vence en Alzira, aunque la gobernabilidad queda pendiente de pactos"},"content":{"rendered":"<p>El Partido Popular ha sido la formaci\u00f3n m\u00e1s votada en Alzira. La citada formaci\u00f3n ha conseguido 7.507 votos (8 concejales), Comprom\u00eds 5.632 (6 concejales), el PSOE 3.847 (4 concejales), Ciudadanos 1.773 (2 concejales) y Esquerra Unida 1.449 (1 concejal).<\/p>\n<p>La gobernabilidad quedar\u00eda, por tanto, en el aire.<\/p>\n","protected":false},"excerpt":{"rendered":"<div class=\"mh-excerpt\">El Partido Popular ha sido la formaci\u00f3n m\u00e1s votada en Alzira. La citada formaci\u00f3n ha conseguido 7.507 votos (8 concejales), Comprom\u00eds 5.632 (6 concejales), el PSOE 3.847 (4 concejales), Ciudadanos 1.773 (2 concejales) y Esquerra <a class=\"mh-excerpt-more\" href=\"https:\/\/www.tucomarca.com\/wordpress\/segunda\/el-partido-popular-vence-en-alzira-aunque-la-gobernabilidad-queda-pendiente-de-pactos\/\" title=\"El Partido Popular vence en Alzira, aunque la gobernabilidad queda pendiente de pactos\">[+] <\/a><\/div>\n","protected":false},"author":2,"featured_media":0,"comment_status":"open","ping_status":"open","sticky":false,"template":"","format":"standard","meta":{"footnotes":""},"categories":[69,8,42,142,3],"tags":[10402,7879,7874,63,4549],"class_list":{"0":"post-37136","1":"post","2":"type-post","3":"status-publish","4":"format-standard","6":"category-alzira","7":"category-la-comarca","8":"category-la-ribera","9":"category-politica-la-comarca","10":"category-seccion","11":"tag-alzira","12":"tag-gobernabilidad","13":"tag-pactos","14":"tag-pp","15":"tag-vence"},"_links":{"self":[{"href":"https:\/\/www.tucomarca.com\/wordpress\/segunda\/wp-json\/wp\/v2\/posts\/37136","targetHints":{"allow":["GET"]}}],"collection":[{"href":"https:\/\/www.tucomarca.com\/wordpress\/segunda\/wp-json\/wp\/v2\/posts"}],"about":[{"href":"https:\/\/www.tucomarca.com\/wordpress\/segunda\/wp-json\/wp\/v2\/types\/post"}],"author":[{"embeddable":true,"href":"https:\/\/www.tucomarca.com\/wordpress\/segunda\/wp-json\/wp\/v2\/users\/2"}],"replies":[{"embeddable":true,"href":"https:\/\/www.tucomarca.com\/wordpress\/segunda\/wp-json\/wp\/v2\/comments?post=37136"}],"version-history":[{"count":0,"href":"https:\/\/www.tucomarca.com\/wordpress\/segunda\/wp-json\/wp\/v2\/posts\/37136\/revisions"}],"wp:attachment":[{"href":"https:\/\/www.tucomarca.com\/wordpress\/segunda\/wp-json\/wp\/v2\/media?parent=37136"}],"wp:term":[{"taxonomy":"category","embeddable":true,"href":"https:\/\/www.tucomarca.com\/wordpress\/segunda\/wp-json\/wp\/v2\/categories?post=37136"},{"taxonomy":"post_tag","embeddable":true,"href":"https:\/\/www.tucomarca.com\/wordpress\/segunda\/wp-json\/wp\/v2\/tags?post=37136"}],"curies":[{"name":"wp","href":"https:\/\/api.w.org\/{rel}","templated":true}]}}