{"id":37178,"date":"2015-05-25T01:22:44","date_gmt":"2015-05-24T22:22:44","guid":{"rendered":"http:\/\/www.tucomarca.com\/wordpress\/segunda\/?p=37178"},"modified":"2015-05-25T01:22:44","modified_gmt":"2015-05-24T22:22:44","slug":"el-plenario-de-bunol-contara-con-cinco-formaciones-distintas-pp-eu-psoe-ia-y-votamos-bunol","status":"publish","type":"post","link":"https:\/\/www.tucomarca.com\/wordpress\/segunda\/el-plenario-de-bunol-contara-con-cinco-formaciones-distintas-pp-eu-psoe-ia-y-votamos-bunol\/","title":{"rendered":"El plenario de Bu\u00f1ol contar\u00e1 con cinco formaciones distintas: PP, EU, PSOE, IA y Votamos Bu\u00f1ol"},"content":{"rendered":"<figure id=\"attachment_37180\" aria-describedby=\"caption-attachment-37180\" style=\"width: 717px\" class=\"wp-caption alignleft\"><a href=\"https:\/\/www.tucomarca.com\/wordpress\/segunda\/wp-content\/uploads\/2015\/05\/bunoltarta.jpg\"><img loading=\"lazy\" decoding=\"async\" class=\"size-large wp-image-37180 \" title=\"bunoltarta\" src=\"https:\/\/www.tucomarca.com\/wordpress\/segunda\/wp-content\/uploads\/2015\/05\/bunoltarta-1024x459.jpg\" alt=\"Resultados electorales cosechados por los partidos en Bu\u00f1ol.\" width=\"717\" height=\"321\" srcset=\"https:\/\/www.tucomarca.com\/wordpress\/segunda\/wp-content\/uploads\/2015\/05\/bunoltarta-1024x459.jpg 1024w, https:\/\/www.tucomarca.com\/wordpress\/segunda\/wp-content\/uploads\/2015\/05\/bunoltarta-300x134.jpg 300w, https:\/\/www.tucomarca.com\/wordpress\/segunda\/wp-content\/uploads\/2015\/05\/bunoltarta.jpg 1117w\" sizes=\"auto, (max-width: 717px) 100vw, 717px\" \/><\/a><figcaption id=\"caption-attachment-37180\" class=\"wp-caption-text\">Resultados electorales cosechados por los partidos en Bu\u00f1ol.<\/figcaption><\/figure>\n<p>Hasta cinco formaciones distintas estar\u00e1n representadas esta legislatura en el plenario bu\u00f1olense, donde a pesar de que el Partido Popular liderado por Marcial D\u00edaz ha sido la candidatura m\u00e1s votada con 1.897 sufragios, sus 4 ediles le dejan lejos de la mayor\u00eda absoluta (7 ediles).<\/p>\n<p>Con 3 concejales se han quedado Esquerra Unida (1.353 votos) y PSOE con 1.159 sufragios.<\/p>\n<p>Con 763 votos ha conseguido dos ediles Izquierda alternativa y con 540 sufragios un edil Votamos Bu\u00f1ol.<\/p>\n<p>El nombre del alcalde (o alcaldesa) es a estas horas toda una inc\u00f3gnita; as\u00ed como la composici\u00f3n del futuro gobierno de la localidad.<\/p>\n","protected":false},"excerpt":{"rendered":"<div class=\"mh-excerpt\">Hasta cinco formaciones distintas estar\u00e1n representadas esta legislatura en el plenario bu\u00f1olense, donde a pesar de que el Partido Popular liderado por Marcial D\u00edaz ha sido la candidatura m\u00e1s votada con 1.897 sufragios, sus 4 <a class=\"mh-excerpt-more\" href=\"https:\/\/www.tucomarca.com\/wordpress\/segunda\/el-plenario-de-bunol-contara-con-cinco-formaciones-distintas-pp-eu-psoe-ia-y-votamos-bunol\/\" title=\"El plenario de Bu\u00f1ol contar\u00e1 con cinco formaciones distintas: PP, EU, PSOE, IA y Votamos Bu\u00f1ol\">[+] <\/a><\/div>\n","protected":false},"author":1,"featured_media":37180,"comment_status":"open","ping_status":"open","sticky":false,"template":"","format":"standard","meta":{"footnotes":""},"categories":[18,8,10,142,3,45],"tags":[],"class_list":{"0":"post-37178","1":"post","2":"type-post","3":"status-publish","4":"format-standard","5":"has-post-thumbnail","7":"category-bunol","8":"category-la-comarca","9":"category-la-hoya","10":"category-politica-la-comarca","11":"category-seccion","12":"category-ventana"},"_links":{"self":[{"href":"https:\/\/www.tucomarca.com\/wordpress\/segunda\/wp-json\/wp\/v2\/posts\/37178","targetHints":{"allow":["GET"]}}],"collection":[{"href":"https:\/\/www.tucomarca.com\/wordpress\/segunda\/wp-json\/wp\/v2\/posts"}],"about":[{"href":"https:\/\/www.tucomarca.com\/wordpress\/segunda\/wp-json\/wp\/v2\/types\/post"}],"author":[{"embeddable":true,"href":"https:\/\/www.tucomarca.com\/wordpress\/segunda\/wp-json\/wp\/v2\/users\/1"}],"replies":[{"embeddable":true,"href":"https:\/\/www.tucomarca.com\/wordpress\/segunda\/wp-json\/wp\/v2\/comments?post=37178"}],"version-history":[{"count":0,"href":"https:\/\/www.tucomarca.com\/wordpress\/segunda\/wp-json\/wp\/v2\/posts\/37178\/revisions"}],"wp:featuredmedia":[{"embeddable":true,"href":"https:\/\/www.tucomarca.com\/wordpress\/segunda\/wp-json\/wp\/v2\/media\/37180"}],"wp:attachment":[{"href":"https:\/\/www.tucomarca.com\/wordpress\/segunda\/wp-json\/wp\/v2\/media?parent=37178"}],"wp:term":[{"taxonomy":"category","embeddable":true,"href":"https:\/\/www.tucomarca.com\/wordpress\/segunda\/wp-json\/wp\/v2\/categories?post=37178"},{"taxonomy":"post_tag","embeddable":true,"href":"https:\/\/www.tucomarca.com\/wordpress\/segunda\/wp-json\/wp\/v2\/tags?post=37178"}],"curies":[{"name":"wp","href":"https:\/\/api.w.org\/{rel}","templated":true}]}}