{"id":37185,"date":"2015-05-25T01:33:47","date_gmt":"2015-05-24T22:33:47","guid":{"rendered":"http:\/\/www.tucomarca.com\/wordpress\/segunda\/?p=37185"},"modified":"2015-05-25T01:34:01","modified_gmt":"2015-05-24T22:34:01","slug":"los-populares-los-mas-votados-en-la-pobla-aunque-lejos-de-la-mayoria-absoluta","status":"publish","type":"post","link":"https:\/\/www.tucomarca.com\/wordpress\/segunda\/los-populares-los-mas-votados-en-la-pobla-aunque-lejos-de-la-mayoria-absoluta\/","title":{"rendered":"Los Populares, los m\u00e1s votados en La Pobla de Vallbona, aunque lejos de la mayor\u00eda absoluta"},"content":{"rendered":"<p>El Partido Popular ha sido el partido m\u00e1s votado en La Pobla de Vallbona, pero se queda lejos de la mayor\u00eda absoluta (situada en 11 ediles). Los Populares han cosechado un total de 4.114 sufragios que le han otorgado 8 ediles; el segundo partido m\u00e1s votado ha sido Comprom\u00eds que ha obtenido 2.936 votos y 5 ediles; seguido del PSOE con 1.621 votos y 3 ediles.<\/p>\n<p>Tambi\u00e9n han obtenido representaci\u00f3n Ciudadanos (2 concejales) con 1.183 votos; CUPO dos concejales con 1.035 votos; y EUPV-ERPV un concejal con 686 votos.<\/p>\n","protected":false},"excerpt":{"rendered":"<div class=\"mh-excerpt\">El Partido Popular ha sido el partido m\u00e1s votado en La Pobla de Vallbona, pero se queda lejos de la mayor\u00eda absoluta (situada en 11 ediles). Los Populares han cosechado un total de 4.114 sufragios <a class=\"mh-excerpt-more\" href=\"https:\/\/www.tucomarca.com\/wordpress\/segunda\/los-populares-los-mas-votados-en-la-pobla-aunque-lejos-de-la-mayoria-absoluta\/\" title=\"Los Populares, los m\u00e1s votados en La Pobla de Vallbona, aunque lejos de la mayor\u00eda absoluta\">[+] <\/a><\/div>\n","protected":false},"author":1,"featured_media":0,"comment_status":"open","ping_status":"open","sticky":false,"template":"","format":"standard","meta":{"footnotes":""},"categories":[46,8,174,142,3],"tags":[],"class_list":{"0":"post-37185","1":"post","2":"type-post","3":"status-publish","4":"format-standard","6":"category-camp-de-turia","7":"category-la-comarca","8":"category-la-pobla","9":"category-politica-la-comarca","10":"category-seccion"},"_links":{"self":[{"href":"https:\/\/www.tucomarca.com\/wordpress\/segunda\/wp-json\/wp\/v2\/posts\/37185","targetHints":{"allow":["GET"]}}],"collection":[{"href":"https:\/\/www.tucomarca.com\/wordpress\/segunda\/wp-json\/wp\/v2\/posts"}],"about":[{"href":"https:\/\/www.tucomarca.com\/wordpress\/segunda\/wp-json\/wp\/v2\/types\/post"}],"author":[{"embeddable":true,"href":"https:\/\/www.tucomarca.com\/wordpress\/segunda\/wp-json\/wp\/v2\/users\/1"}],"replies":[{"embeddable":true,"href":"https:\/\/www.tucomarca.com\/wordpress\/segunda\/wp-json\/wp\/v2\/comments?post=37185"}],"version-history":[{"count":0,"href":"https:\/\/www.tucomarca.com\/wordpress\/segunda\/wp-json\/wp\/v2\/posts\/37185\/revisions"}],"wp:attachment":[{"href":"https:\/\/www.tucomarca.com\/wordpress\/segunda\/wp-json\/wp\/v2\/media?parent=37185"}],"wp:term":[{"taxonomy":"category","embeddable":true,"href":"https:\/\/www.tucomarca.com\/wordpress\/segunda\/wp-json\/wp\/v2\/categories?post=37185"},{"taxonomy":"post_tag","embeddable":true,"href":"https:\/\/www.tucomarca.com\/wordpress\/segunda\/wp-json\/wp\/v2\/tags?post=37185"}],"curies":[{"name":"wp","href":"https:\/\/api.w.org\/{rel}","templated":true}]}}