{"id":37333,"date":"2015-05-28T16:02:06","date_gmt":"2015-05-28T13:02:06","guid":{"rendered":"http:\/\/www.tucomarca.com\/wordpress\/segunda\/?p=37333"},"modified":"2015-05-28T18:11:18","modified_gmt":"2015-05-28T15:11:18","slug":"cd-bunol-pone-a-la-venta-las-entradas-para-el-partido-de-vuelta-contra-el-villajoyosa","status":"publish","type":"post","link":"https:\/\/www.tucomarca.com\/wordpress\/segunda\/cd-bunol-pone-a-la-venta-las-entradas-para-el-partido-de-vuelta-contra-el-villajoyosa\/","title":{"rendered":"El CD Bu\u00f1ol pone a la venta las entradas para el partido de vuelta contra el Villajoyosa"},"content":{"rendered":"<p><figure id=\"attachment_37335\" aria-describedby=\"caption-attachment-37335\" style=\"width: 209px\" class=\"wp-caption alignleft\"><a href=\"https:\/\/www.tucomarca.com\/wordpress\/segunda\/2015\/05\/cd-bunol-pone-a-la-venta-las-entradas-para-el-partido-de-vuelta-contra-el-villajoyosa\/cd-bunol\/\" rel=\"attachment wp-att-37335\"><img loading=\"lazy\" decoding=\"async\" src=\"https:\/\/www.tucomarca.com\/wordpress\/segunda\/wp-content\/uploads\/2015\/05\/CD-bu\u00f1ol-209x300.jpg\" alt=\"\" title=\"CD bu\u00f1ol\" width=\"209\" height=\"300\" class=\"size-medium wp-image-37335\" srcset=\"https:\/\/www.tucomarca.com\/wordpress\/segunda\/wp-content\/uploads\/2015\/05\/CD-bu\u00f1ol-209x300.jpg 209w, https:\/\/www.tucomarca.com\/wordpress\/segunda\/wp-content\/uploads\/2015\/05\/CD-bu\u00f1ol-713x1024.jpg 713w, https:\/\/www.tucomarca.com\/wordpress\/segunda\/wp-content\/uploads\/2015\/05\/CD-bu\u00f1ol.jpg 892w\" sizes=\"auto, (max-width: 209px) 100vw, 209px\" \/><\/a><figcaption id=\"caption-attachment-37335\" class=\"wp-caption-text\">Cartel promocional. tc.c<\/figcaption><\/figure>El Club Deportivo Bu\u00f1ol ya ha puesto a la venta las entradas para el partido de vuelta que le enfrentar\u00e1 el domingo 7 de junio (a las 18 horas) al Villajoyosa CF en el remodelado Beltr\u00e1n B\u00e1guena.<br \/>\nEl choque cerrar\u00e1 la primera entrega de la Promoci\u00f3n de Ascenso a Tercera Divisi\u00f3n, por lo que desde el club se ha pedido el apoyo a la afici\u00f3n.<br \/>\nLos interesados en presenciar el choque podr\u00e1n retirar sus entradas en las instalaciones del club hasta el viernes 5 de junio de 18 a 21 horas.<br \/>\nEl precio de la entrada es de 10 euros, mientras que en venta anticipada baja a 7. Los socios pagar\u00e1n s\u00f3lo cinco euros en taquilla, mientras que los de Honor entrar\u00e1n gratis. <\/p>\n","protected":false},"excerpt":{"rendered":"<div class=\"mh-excerpt\">El Club Deportivo Bu\u00f1ol ya ha puesto a la venta las entradas para el partido de vuelta que le enfrentar\u00e1 el domingo 7 de junio (a las 18 horas) al Villajoyosa CF en el remodelado <a class=\"mh-excerpt-more\" href=\"https:\/\/www.tucomarca.com\/wordpress\/segunda\/cd-bunol-pone-a-la-venta-las-entradas-para-el-partido-de-vuelta-contra-el-villajoyosa\/\" title=\"El CD Bu\u00f1ol pone a la venta las entradas para el partido de vuelta contra el Villajoyosa\">[+] <\/a><\/div>\n","protected":false},"author":2,"featured_media":37335,"comment_status":"open","ping_status":"open","sticky":false,"template":"","format":"standard","meta":{"footnotes":""},"categories":[18,50,6,8,10,3],"tags":[537,7931,4101,4944],"class_list":{"0":"post-37333","1":"post","2":"type-post","3":"status-publish","4":"format-standard","5":"has-post-thumbnail","7":"category-bunol","8":"category-futbol-deportes","9":"category-deportes","10":"category-la-comarca","11":"category-la-hoya","12":"category-seccion","13":"tag-cd-bunol","14":"tag-entradas-partido-de-vuelta","15":"tag-venta","16":"tag-villajoyosa"},"_links":{"self":[{"href":"https:\/\/www.tucomarca.com\/wordpress\/segunda\/wp-json\/wp\/v2\/posts\/37333","targetHints":{"allow":["GET"]}}],"collection":[{"href":"https:\/\/www.tucomarca.com\/wordpress\/segunda\/wp-json\/wp\/v2\/posts"}],"about":[{"href":"https:\/\/www.tucomarca.com\/wordpress\/segunda\/wp-json\/wp\/v2\/types\/post"}],"author":[{"embeddable":true,"href":"https:\/\/www.tucomarca.com\/wordpress\/segunda\/wp-json\/wp\/v2\/users\/2"}],"replies":[{"embeddable":true,"href":"https:\/\/www.tucomarca.com\/wordpress\/segunda\/wp-json\/wp\/v2\/comments?post=37333"}],"version-history":[{"count":0,"href":"https:\/\/www.tucomarca.com\/wordpress\/segunda\/wp-json\/wp\/v2\/posts\/37333\/revisions"}],"wp:featuredmedia":[{"embeddable":true,"href":"https:\/\/www.tucomarca.com\/wordpress\/segunda\/wp-json\/wp\/v2\/media\/37335"}],"wp:attachment":[{"href":"https:\/\/www.tucomarca.com\/wordpress\/segunda\/wp-json\/wp\/v2\/media?parent=37333"}],"wp:term":[{"taxonomy":"category","embeddable":true,"href":"https:\/\/www.tucomarca.com\/wordpress\/segunda\/wp-json\/wp\/v2\/categories?post=37333"},{"taxonomy":"post_tag","embeddable":true,"href":"https:\/\/www.tucomarca.com\/wordpress\/segunda\/wp-json\/wp\/v2\/tags?post=37333"}],"curies":[{"name":"wp","href":"https:\/\/api.w.org\/{rel}","templated":true}]}}