{"id":37494,"date":"2015-06-05T13:29:45","date_gmt":"2015-06-05T10:29:45","guid":{"rendered":"http:\/\/www.tucomarca.com\/wordpress\/segunda\/?p=37494"},"modified":"2015-06-05T13:29:45","modified_gmt":"2015-06-05T10:29:45","slug":"el-partido-popular-de-bunol-dara-continuidad-a-las-conversaciones-con-el-resto-de-partidos-para-conformar-un-gobierno-de-gestion","status":"publish","type":"post","link":"https:\/\/www.tucomarca.com\/wordpress\/segunda\/el-partido-popular-de-bunol-dara-continuidad-a-las-conversaciones-con-el-resto-de-partidos-para-conformar-un-gobierno-de-gestion\/","title":{"rendered":"El Partido Popular de Bu\u00f1ol dar\u00e1 continuidad a las conversaciones con el resto de partidos para conformar \u00abun Gobierno de Gesti\u00f3n\u00bb"},"content":{"rendered":"<p>El Partido Popular de Bu\u00f1ol ha confirmado su deseo de dar continuidad a las conversaciones con el resto de partidos pol\u00edticos de la localidad a fin de \u00abconformar un gobierno de gesti\u00f3n\u00bb. Los populares aseguran que est\u00e1 en juego \u00abun proyecto compartido de pueblo para Bu\u00f1ol que ilusione a todos\u00bb. <\/p>\n<p>\u00abEstamos ante una oportunidad de estar a la altura de los cambios que demanda la ciudadan\u00eda, por lo que nuestra formaci\u00f3n quiere participar no s\u00f3lo en la \u00e9poca de cambios, sino propiciar un verdadero cambio de \u00e9poca. En este tiempo nuevo, los ciudadanos demandan hablar de futuro, de acuerdos y  de consenso. Los bu\u00f1oleros est\u00e1n cansados de la polarizaci\u00f3n y de conceptos pol\u00edticos del pasado. Es tiempo de lo nuevo, es tiempo de pensar en Bu\u00f1ol todos juntos y colaborar. Por ello, estamos abiertos a propiciar un gobierno de gesti\u00f3n,  integrado por todas las fuerzas pol\u00edticas del Ayuntamiento de Bu\u00f1ol, que comprenda el nuevo enfoque pol\u00edtico que la ciudadan\u00eda est\u00e1 demandando. Como ya informamos hace unos d\u00edas, hemos iniciado una ronda de conversaciones con todas las fuerzas pol\u00edticas y en ella  planteamos las siguientes l\u00edneas b\u00e1sicas a asumir por todos los grupos municipales para un futuro acuerdo\u00bb:<\/p>\n<p>1. Plan de Apoyo a Ciudadanos en situaci\u00f3n de emergencia, con actuaciones en los siguientes campos:<br \/>\n-Pobreza energ\u00e9tica.<br \/>\n-Apertura de comedores escolares en verano.<br \/>\n-Alquileres sociales.<br \/>\n-Bu\u00f1ol libre de desahucios.<\/p>\n<p>2. Plan de Choque por el Empleo:<br \/>\n-Realizaci\u00f3n de obras por administraci\u00f3n en los casos que sea posible. Subsidiariamente, mediante contrataci\u00f3n con empresas locales.<br \/>\n-Incentivos fiscales y ayudas al emprendedurismo a los nuevos aut\u00f3nomos.<br \/>\n-Rebaja de la presi\u00f3n fiscal a los peque\u00f1os comercio.<\/p>\n<p>3. Bater\u00eda de ayudas p\u00fablicas en el \u00e1mbito educativo:<br \/>\n-Gratuidad de los libros en primaria e infantil.<br \/>\n-Implementar ayudas a la compra de libros de secundaria.<br \/>\n-Establecimiento de becas a los alumnos universitarios a la matr\u00edcula y al transporte.<\/p>\n<p>4. Plan de mejora de la limpieza viaria y mantenimiento integral de los espacios p\u00fablicos.<\/p>\n<p>5. Redacci\u00f3n de un Reglamento de Funcionamiento municipal y un Reglamento de la transparencia, unido a la implantaci\u00f3n de la Administraci\u00f3n Electr\u00f3nica.<\/p>\n","protected":false},"excerpt":{"rendered":"<div class=\"mh-excerpt\">El Partido Popular de Bu\u00f1ol ha confirmado su deseo de dar continuidad a las conversaciones con el resto de partidos pol\u00edticos de la localidad a fin de \u00abconformar un gobierno de gesti\u00f3n\u00bb. Los populares aseguran <a class=\"mh-excerpt-more\" href=\"https:\/\/www.tucomarca.com\/wordpress\/segunda\/el-partido-popular-de-bunol-dara-continuidad-a-las-conversaciones-con-el-resto-de-partidos-para-conformar-un-gobierno-de-gestion\/\" title=\"El Partido Popular de Bu\u00f1ol dar\u00e1 continuidad a las conversaciones con el resto de partidos para conformar \u00abun Gobierno de Gesti\u00f3n\u00bb\">[+] <\/a><\/div>\n","protected":false},"author":2,"featured_media":0,"comment_status":"open","ping_status":"open","sticky":false,"template":"","format":"standard","meta":{"footnotes":""},"categories":[18,8,10,142,3],"tags":[7988,63,2089,7937],"class_list":{"0":"post-37494","1":"post","2":"type-post","3":"status-publish","4":"format-standard","6":"category-bunol","7":"category-la-comarca","8":"category-la-hoya","9":"category-politica-la-comarca","10":"category-seccion","11":"tag-gobierno-de-gestion","12":"tag-pp","13":"tag-resto-partidos","14":"tag-ronda-de-contactos"},"_links":{"self":[{"href":"https:\/\/www.tucomarca.com\/wordpress\/segunda\/wp-json\/wp\/v2\/posts\/37494","targetHints":{"allow":["GET"]}}],"collection":[{"href":"https:\/\/www.tucomarca.com\/wordpress\/segunda\/wp-json\/wp\/v2\/posts"}],"about":[{"href":"https:\/\/www.tucomarca.com\/wordpress\/segunda\/wp-json\/wp\/v2\/types\/post"}],"author":[{"embeddable":true,"href":"https:\/\/www.tucomarca.com\/wordpress\/segunda\/wp-json\/wp\/v2\/users\/2"}],"replies":[{"embeddable":true,"href":"https:\/\/www.tucomarca.com\/wordpress\/segunda\/wp-json\/wp\/v2\/comments?post=37494"}],"version-history":[{"count":0,"href":"https:\/\/www.tucomarca.com\/wordpress\/segunda\/wp-json\/wp\/v2\/posts\/37494\/revisions"}],"wp:attachment":[{"href":"https:\/\/www.tucomarca.com\/wordpress\/segunda\/wp-json\/wp\/v2\/media?parent=37494"}],"wp:term":[{"taxonomy":"category","embeddable":true,"href":"https:\/\/www.tucomarca.com\/wordpress\/segunda\/wp-json\/wp\/v2\/categories?post=37494"},{"taxonomy":"post_tag","embeddable":true,"href":"https:\/\/www.tucomarca.com\/wordpress\/segunda\/wp-json\/wp\/v2\/tags?post=37494"}],"curies":[{"name":"wp","href":"https:\/\/api.w.org\/{rel}","templated":true}]}}