{"id":3784,"date":"2012-06-19T14:42:41","date_gmt":"2012-06-19T12:42:41","guid":{"rendered":"http:\/\/www.tucomarca.com\/wordpress\/segunda\/?p=3784"},"modified":"2012-06-19T14:42:41","modified_gmt":"2012-06-19T12:42:41","slug":"las-nn-gg-de-leliana-critican-el-retraso-y-el-coste-en-la-ampliacion-del-horario-de-la-biblioteca-municipal","status":"publish","type":"post","link":"https:\/\/www.tucomarca.com\/wordpress\/segunda\/las-nn-gg-de-leliana-critican-el-retraso-y-el-coste-en-la-ampliacion-del-horario-de-la-biblioteca-municipal\/","title":{"rendered":"Las NN GG de L&#8217;Eliana critican el retraso y el coste en la ampliaci\u00f3n del horario de la biblioteca municipal"},"content":{"rendered":"<p>Las Nuevas Generaciones (NN GG) de L&#8217;Eliana han remitido un comunicado a tucomarca.com donde aplauden la ampliaci\u00f3n del horario de la biblioteca municipal de la localidad, \u00abtal\u00a0 como hab\u00edamos solicitado\u00bb, seg\u00fa nreciuerdan, pero donde adem\u00e1s reprochan al gobierno local que se haya hecho esta medida \u00abcasi un mes despu\u00e9s y con un coste muy superior al de la souci\u00f3n propuesta por nosotros\u00bb.<\/p>\n<p>En su nota, desde NN GG recuerdan que el  pasado \u00abd\u00eda 2 de Mayo,\u00a0el PP de  L\u2019Eliana\u00a0 recogi\u00f3 una propuesta de\u00a0su  agrupaci\u00f3n juvenil, Nuevas Generaciones, y propusieron\u00a0la apertura  de la biblioteca municipal durante las 24 horas en \u00e9poca de ex\u00e1menes. Hoy,  cuando pasan 25\u00a0 d\u00edas de proponerlo y  cuando los ex\u00e1menes de 2\u00ba de Bachillerato ya est\u00e1n terminando, el equipo de  Gobierno PSOE-IU ha decidido aumentar el horario. Desde el pr\u00f3ximo lunes 28 de mayo hasta el d\u00eda 28 de junio, el horario de la biblioteca municipal ser\u00e1 de 9 a  24 horas (entre semana) y de 9 a 14 y de 16 a\u00a0\u00a024\u00a0 horas (los fines de  semana)\u00bb.<\/p>\n<p>A pesar de que las Nuevas Generaciones de L\u2019Eliana presentaron una propuesta para que la biblioteca  municipal permaneciera durante las 24 horas abierta a un coste cero para el  Ayuntamiento, \u00abhan decidido no s\u00f3lo no ampliar el horario durante las 24 horas,  sino que han tardado 26 d\u00edas en hacerlo, perjudicando a una gran parte de  estudiantes. Y tambi\u00e9n lo har\u00e1n duplicando los costes, en lugar de hacerlo  gratuitamente, tal y como propon\u00edan\u00a0  los j\u00f3venes populares\u00bb, recurdan desde NN GG.<\/p>\n<p>\u00abEn municipios como Benaguacil, la biblioteca  permanece abierta las 24 horas durante todo el a\u00f1o poniendo a disposici\u00f3n un  lugar tranquilo para que los j\u00f3venes puedan practicar el estudio de forma  correcta. Y lo m\u00e1s interesante es que la apertura de las 24 horas no supone  ning\u00fan coste extra al horario diurno de la biblioteca\u00bb, han reprochado desde NN GG al gobeiro local.<\/p>\n","protected":false},"excerpt":{"rendered":"<div class=\"mh-excerpt\">Las Nuevas Generaciones (NN GG) de L&#8217;Eliana han remitido un comunicado a tucomarca.com donde aplauden la ampliaci\u00f3n del horario de la biblioteca municipal de la localidad, \u00abtal\u00a0 como hab\u00edamos solicitado\u00bb, seg\u00fa nreciuerdan, pero donde adem\u00e1s <a class=\"mh-excerpt-more\" href=\"https:\/\/www.tucomarca.com\/wordpress\/segunda\/las-nn-gg-de-leliana-critican-el-retraso-y-el-coste-en-la-ampliacion-del-horario-de-la-biblioteca-municipal\/\" title=\"Las NN GG de L&#8217;Eliana critican el retraso y el coste en la ampliaci\u00f3n del horario de la biblioteca municipal\">[+] <\/a><\/div>\n","protected":false},"author":1,"featured_media":0,"comment_status":"open","ping_status":"open","sticky":false,"template":"","format":"standard","meta":{"footnotes":""},"categories":[46,177,8,142,3],"tags":[],"class_list":{"0":"post-3784","1":"post","2":"type-post","3":"status-publish","4":"format-standard","6":"category-camp-de-turia","7":"category-leliana","8":"category-la-comarca","9":"category-politica-la-comarca","10":"category-seccion"},"_links":{"self":[{"href":"https:\/\/www.tucomarca.com\/wordpress\/segunda\/wp-json\/wp\/v2\/posts\/3784","targetHints":{"allow":["GET"]}}],"collection":[{"href":"https:\/\/www.tucomarca.com\/wordpress\/segunda\/wp-json\/wp\/v2\/posts"}],"about":[{"href":"https:\/\/www.tucomarca.com\/wordpress\/segunda\/wp-json\/wp\/v2\/types\/post"}],"author":[{"embeddable":true,"href":"https:\/\/www.tucomarca.com\/wordpress\/segunda\/wp-json\/wp\/v2\/users\/1"}],"replies":[{"embeddable":true,"href":"https:\/\/www.tucomarca.com\/wordpress\/segunda\/wp-json\/wp\/v2\/comments?post=3784"}],"version-history":[{"count":0,"href":"https:\/\/www.tucomarca.com\/wordpress\/segunda\/wp-json\/wp\/v2\/posts\/3784\/revisions"}],"wp:attachment":[{"href":"https:\/\/www.tucomarca.com\/wordpress\/segunda\/wp-json\/wp\/v2\/media?parent=3784"}],"wp:term":[{"taxonomy":"category","embeddable":true,"href":"https:\/\/www.tucomarca.com\/wordpress\/segunda\/wp-json\/wp\/v2\/categories?post=3784"},{"taxonomy":"post_tag","embeddable":true,"href":"https:\/\/www.tucomarca.com\/wordpress\/segunda\/wp-json\/wp\/v2\/tags?post=3784"}],"curies":[{"name":"wp","href":"https:\/\/api.w.org\/{rel}","templated":true}]}}