{"id":3786,"date":"2012-06-19T18:48:24","date_gmt":"2012-06-19T16:48:24","guid":{"rendered":"http:\/\/www.tucomarca.com\/wordpress\/segunda\/?p=3786"},"modified":"2012-06-19T18:48:24","modified_gmt":"2012-06-19T16:48:24","slug":"el-candidato-socialista-a-la-secretaria-general-provincial-defiente-en-un-acto-en-ayora-%c2%abque-los-12-000-militantes-de-este-partido-sean-su-equipo%c2%bb","status":"publish","type":"post","link":"https:\/\/www.tucomarca.com\/wordpress\/segunda\/el-candidato-socialista-a-la-secretaria-general-provincial-defiente-en-un-acto-en-ayora-%c2%abque-los-12-000-militantes-de-este-partido-sean-su-equipo%c2%bb\/","title":{"rendered":"El candidato socialista a la secretar\u00eda general provincial defiente en un acto en Ayora \u00abque los 12.000 militantes de este partido sean su equipo\u00bb"},"content":{"rendered":"<figure id=\"attachment_3787\" aria-describedby=\"caption-attachment-3787\" style=\"width: 300px\" class=\"wp-caption alignleft\"><a href=\"https:\/\/www.tucomarca.com\/wordpress\/segunda\/wp-content\/uploads\/2012\/06\/PSOEAyora.jpg\"><img loading=\"lazy\" decoding=\"async\" class=\"size-medium wp-image-3787 \" title=\"PSOEAyora\" src=\"https:\/\/www.tucomarca.com\/wordpress\/segunda\/wp-content\/uploads\/2012\/06\/PSOEAyora-300x225.jpg\" alt=\"El precandidato durante el acto desarrollado en Ayora.\" width=\"300\" height=\"225\" srcset=\"https:\/\/www.tucomarca.com\/wordpress\/segunda\/wp-content\/uploads\/2012\/06\/PSOEAyora-300x225.jpg 300w, https:\/\/www.tucomarca.com\/wordpress\/segunda\/wp-content\/uploads\/2012\/06\/PSOEAyora.jpg 800w\" sizes=\"auto, (max-width: 300px) 100vw, 300px\" \/><\/a><figcaption id=\"caption-attachment-3787\" class=\"wp-caption-text\">El precandidato durante el acto desarrollado en Ayora.<\/figcaption><\/figure>\n<p>El portavoz socialista en la Diputaci\u00f3n de Valencia y precandidato a la secretar\u00eda general del PSPV-PSOE a la provincia de Valencia, Toni Gaspar, particip\u00f3 ayer en un acto en Ayora donde asegur\u00f3 que una de sus prioridades ser\u00e1 \u201cvisitar peri\u00f3dicamente todos y cada uno de los municipios de la provincia\u201d. Seg\u00fan apunt\u00f3, \u201cquiero estar en la calle, con vosotros, conocer vuestras necesidades porque es la \u00fanica manera de mejorar la coordinaci\u00f3n y nuestra acci\u00f3n pol\u00edtica en los municipios\u201d. As\u00ed, record\u00f3 que su intenci\u00f3n es que \u201clos 12.000 militantes de este partido se\u00e1is mi equipo para trabajar todos juntos y mejor\u201d.<\/p>\n<p>Durante el acto, que se celebr\u00f3 en la Casa de la Cultura de Ayora, Gaspar estuvo acompa\u00f1ado por la portavoz adjunta del grupo socialista en la Diputaci\u00f3n, Eva Sanz, y tambi\u00e9n cont\u00f3 con la presencia del portavoz de Zarra, Vicente Jos\u00e9 P\u00e9rez; el portavoz y ex alcalde de Ayora, Manuel L\u00f3pez Gavidia; el secretario general de Cofrentes, Juli\u00e1n Hern\u00e1ndez Garc\u00eda, el portavoz de Jarafuel, Bernardo Barriga Martin, y el portavoz de Cortes de Pall\u00e1s, Jos\u00e9 Molt\u00f3 Navarro. De esta manera, el precandidato socialista pudo intercambiar propuestas e ideas con militantes y delegados de localidades de la comarca.<\/p>\n<p>Gaspar explic\u00f3 as\u00ed sus propuestas e insisti\u00f3 en que la formaci\u00f3n en temas municipales como presupuestos, urbanismo o legislaci\u00f3n es \u201cfundamental\u201d. Por es, quiere reforzar este aspecto porque \u201cnuestro equipo tiene que tener los m\u00e1ximos conocimientos en temas municipales para poder as\u00ed reforzar nuestro mensaje y nuestra acci\u00f3n pol\u00edtica\u201d, seg\u00fan dijo.<\/p>\n","protected":false},"excerpt":{"rendered":"<div class=\"mh-excerpt\">El portavoz socialista en la Diputaci\u00f3n de Valencia y precandidato a la secretar\u00eda general del PSPV-PSOE a la provincia de Valencia, Toni Gaspar, particip\u00f3 ayer en un acto en Ayora donde asegur\u00f3 que una de <a class=\"mh-excerpt-more\" href=\"https:\/\/www.tucomarca.com\/wordpress\/segunda\/el-candidato-socialista-a-la-secretaria-general-provincial-defiente-en-un-acto-en-ayora-%c2%abque-los-12-000-militantes-de-este-partido-sean-su-equipo%c2%bb\/\" title=\"El candidato socialista a la secretar\u00eda general provincial defiente en un acto en Ayora \u00abque los 12.000 militantes de este partido sean su equipo\u00bb\">[+] <\/a><\/div>\n","protected":false},"author":1,"featured_media":3787,"comment_status":"open","ping_status":"open","sticky":false,"template":"","format":"standard","meta":{"footnotes":""},"categories":[39,38,41,40,231,8,142,3,233],"tags":[],"class_list":{"0":"post-3786","1":"post","2":"type-post","3":"status-publish","4":"format-standard","5":"has-post-thumbnail","7":"category-ayora","8":"category-ayora-cofrentes","9":"category-cofrentes","10":"category-cortes-de-pallas","11":"category-jarafuel","12":"category-la-comarca","13":"category-politica-la-comarca","14":"category-seccion","15":"category-zarra"},"_links":{"self":[{"href":"https:\/\/www.tucomarca.com\/wordpress\/segunda\/wp-json\/wp\/v2\/posts\/3786","targetHints":{"allow":["GET"]}}],"collection":[{"href":"https:\/\/www.tucomarca.com\/wordpress\/segunda\/wp-json\/wp\/v2\/posts"}],"about":[{"href":"https:\/\/www.tucomarca.com\/wordpress\/segunda\/wp-json\/wp\/v2\/types\/post"}],"author":[{"embeddable":true,"href":"https:\/\/www.tucomarca.com\/wordpress\/segunda\/wp-json\/wp\/v2\/users\/1"}],"replies":[{"embeddable":true,"href":"https:\/\/www.tucomarca.com\/wordpress\/segunda\/wp-json\/wp\/v2\/comments?post=3786"}],"version-history":[{"count":0,"href":"https:\/\/www.tucomarca.com\/wordpress\/segunda\/wp-json\/wp\/v2\/posts\/3786\/revisions"}],"wp:featuredmedia":[{"embeddable":true,"href":"https:\/\/www.tucomarca.com\/wordpress\/segunda\/wp-json\/wp\/v2\/media\/3787"}],"wp:attachment":[{"href":"https:\/\/www.tucomarca.com\/wordpress\/segunda\/wp-json\/wp\/v2\/media?parent=3786"}],"wp:term":[{"taxonomy":"category","embeddable":true,"href":"https:\/\/www.tucomarca.com\/wordpress\/segunda\/wp-json\/wp\/v2\/categories?post=3786"},{"taxonomy":"post_tag","embeddable":true,"href":"https:\/\/www.tucomarca.com\/wordpress\/segunda\/wp-json\/wp\/v2\/tags?post=3786"}],"curies":[{"name":"wp","href":"https:\/\/api.w.org\/{rel}","templated":true}]}}