{"id":37868,"date":"2015-06-17T19:13:03","date_gmt":"2015-06-17T16:13:03","guid":{"rendered":"http:\/\/www.tucomarca.com\/wordpress\/segunda\/?p=37868"},"modified":"2015-06-17T19:13:03","modified_gmt":"2015-06-17T16:13:03","slug":"olocau-celebra-con-exito-la-%e2%80%9ciberfesta%e2%80%9d-del-puntal-dels-llops","status":"publish","type":"post","link":"https:\/\/www.tucomarca.com\/wordpress\/segunda\/olocau-celebra-con-exito-la-%e2%80%9ciberfesta%e2%80%9d-del-puntal-dels-llops\/","title":{"rendered":"Olocau celebra con \u00e9xito la \u201cIberfesta\u201d del Puntal dels Llops"},"content":{"rendered":"<p>Olocau celebr\u00f3 el pasado fin de semana las terceras jornadas de puertas abiertas del yacimiento arqueol\u00f3gico del Puntal dels Llops, bajo el nombre de Iberfesta Olocau 2015 y organizado por el Museu de Prehist\u00f2ria de Val\u00e8ncia de la Diputaci\u00f3n y el Ayuntamiento de Olocau.<\/p>\n<p>A trav\u00e9s de la tradicional Fireta dels Ibers se difunde el patrimonio de \u00e9poca ib\u00e9rica de Valencia, se ofrecen degustaciones y se vende productos tradicionales. Igualmente se expusieron productos de turismo cultural de los municipios que forman parte de la Ruta del Ibers: Ayora, Camporrobles, Caudete de las Fuentes, Ll\u00edria, Moncada, Moixent, Villar del Arzobispo y Olocau.<\/p>\n<p>La cita con la cultura ib\u00e9rica arranc\u00f3 con una demostraci\u00f3n sobre la forja y el trabajo del metal, as\u00ed como del modelaje de cer\u00e1mica. Adem\u00e1s, se desarrollaron talleres did\u00e1cticos, con personajes \u00edberos, como el guerrero Nauiba, visitas al yacimiento arqueol\u00f3gico del Puntal dels Llops y a la exposici\u00f3n permanente sobre la cultura ib\u00e9rica de Olocau.<\/p>\n<p>Este a\u00f1o se celebraron danzas iberas a cargo de los alumnos del CRA Alt Carraixet de Olocau y un rito funerario de un guerrero en el que participaron m\u00e1s de 100 vecinos vestidos de iberos. M\u00e1s de 50 personas dieron la bienvenida al p\u00fablico ataviadas con indumentaria de la \u00e9poca antigua, visitas culturales y degustaciones gastron\u00f3micas de platos \u00edberos. <\/p>\n","protected":false},"excerpt":{"rendered":"<div class=\"mh-excerpt\">Olocau celebr\u00f3 el pasado fin de semana las terceras jornadas de puertas abiertas del yacimiento arqueol\u00f3gico del Puntal dels Llops, bajo el nombre de Iberfesta Olocau 2015 y organizado por el Museu de Prehist\u00f2ria de <a class=\"mh-excerpt-more\" href=\"https:\/\/www.tucomarca.com\/wordpress\/segunda\/olocau-celebra-con-exito-la-%e2%80%9ciberfesta%e2%80%9d-del-puntal-dels-llops\/\" title=\"Olocau celebra con \u00e9xito la \u201cIberfesta\u201d del Puntal dels Llops\">[+] <\/a><\/div>\n","protected":false},"author":2,"featured_media":0,"comment_status":"open","ping_status":"open","sticky":false,"template":"","format":"standard","meta":{"footnotes":""},"categories":[46,181,3],"tags":[1466,1177,10437,8105],"class_list":{"0":"post-37868","1":"post","2":"type-post","3":"status-publish","4":"format-standard","6":"category-camp-de-turia","7":"category-olocau","8":"category-seccion","9":"tag-exito","10":"tag-iberfesta","11":"tag-olocau","12":"tag-puntal-dels-llops"},"_links":{"self":[{"href":"https:\/\/www.tucomarca.com\/wordpress\/segunda\/wp-json\/wp\/v2\/posts\/37868","targetHints":{"allow":["GET"]}}],"collection":[{"href":"https:\/\/www.tucomarca.com\/wordpress\/segunda\/wp-json\/wp\/v2\/posts"}],"about":[{"href":"https:\/\/www.tucomarca.com\/wordpress\/segunda\/wp-json\/wp\/v2\/types\/post"}],"author":[{"embeddable":true,"href":"https:\/\/www.tucomarca.com\/wordpress\/segunda\/wp-json\/wp\/v2\/users\/2"}],"replies":[{"embeddable":true,"href":"https:\/\/www.tucomarca.com\/wordpress\/segunda\/wp-json\/wp\/v2\/comments?post=37868"}],"version-history":[{"count":0,"href":"https:\/\/www.tucomarca.com\/wordpress\/segunda\/wp-json\/wp\/v2\/posts\/37868\/revisions"}],"wp:attachment":[{"href":"https:\/\/www.tucomarca.com\/wordpress\/segunda\/wp-json\/wp\/v2\/media?parent=37868"}],"wp:term":[{"taxonomy":"category","embeddable":true,"href":"https:\/\/www.tucomarca.com\/wordpress\/segunda\/wp-json\/wp\/v2\/categories?post=37868"},{"taxonomy":"post_tag","embeddable":true,"href":"https:\/\/www.tucomarca.com\/wordpress\/segunda\/wp-json\/wp\/v2\/tags?post=37868"}],"curies":[{"name":"wp","href":"https:\/\/api.w.org\/{rel}","templated":true}]}}