{"id":3790,"date":"2012-06-19T18:56:41","date_gmt":"2012-06-19T16:56:41","guid":{"rendered":"http:\/\/www.tucomarca.com\/wordpress\/segunda\/?p=3790"},"modified":"2012-06-19T18:56:41","modified_gmt":"2012-06-19T16:56:41","slug":"chiva-acoge-una-jornada-de-actividades-para-prevenir-la-drogadiccion","status":"publish","type":"post","link":"https:\/\/www.tucomarca.com\/wordpress\/segunda\/chiva-acoge-una-jornada-de-actividades-para-prevenir-la-drogadiccion\/","title":{"rendered":"Chiva acoge una jornada de actividades para prevenir la drogadicci\u00f3n"},"content":{"rendered":"<p>El Ayuntamiento de Chiva, a trav\u00e9s de la Agencia de Empleo y Desarrollo Local y en colaboraci\u00f3n con la conselleria de Educaci\u00f3n, organiz\u00f3 d\u00edas atr\u00e1s, dentro del Programa de Cualificaci\u00f3n Profesional Inicial (PCPI), una jornada con actividades dirigidas a trabajar la prevenci\u00f3n de la drogadicci\u00f3n entre el alumnado. En este sentido, resulta fundamental trabajar en la prevenci\u00f3n de la drogodependencia, d\u00e1ndoles la informaci\u00f3n necesaria para fomentar en ellos valores y comportamientos saludables.<\/p>\n<p>En primer lugar, se llev\u00f3 a cabo la actividad \u00abCharlametraje\u00bb en colaboraci\u00f3n con la Diputaci\u00f3n de Valencia, dentro del Programa Provinicial de Actividades Preventivas. La actividad, llevada a cabo por la Fundaci\u00f3n de la Comunitat Valenciana para el Estudio, Prevenci\u00f3n y Asistencia a las Drogodependencias (FEPAD), consisti\u00f3 en la visualizaci\u00f3n de varios cortos elaborados por j\u00f3venes a partir de los cu\u00e1les surgen grupos de discusi\u00f3n relacionados con las tem\u00e1ticas planteadas en los cortometrajes. Esta actividad favorece trabajar valores, actitudes y comportamientos saludables, desde el propio discurso de los j\u00f3venes.<\/p>\n<p>Por otro lado, la jornada continu\u00f3 con otra actividad a cargo de la Asociaci\u00f3n sin \u00e1nimo de lucro Cap &amp; Cor,\u00a0 bajo el t\u00edtulo \u00abMejor sin droga\u00bb. Cap &amp; Cor es la primera asociaci\u00f3n destinada a la Educaci\u00f3n en Valores desde una perspectiva integral de la persona, se sustenta en cinco principios que justifican nuestro proyecto: Preventivo, participativo, antropol\u00f3gico, educativo y hol\u00edstico, est\u00e1 orientada a la mejora de la educaci\u00f3n integral de la persona, pues mejorando como individuos, crecemos como sociedad.<\/p>\n<p>El objetivo del programa PCPI es preparar a nuestros j\u00f3venes para que completen su etapa formativa y al mismo tiempo mejorar sus condiciones de empleabilidad, mediante una metodolog\u00eda basada en el desarrollo de la madurez y la autoestima personal a trav\u00e9s de procesos de ense\u00f1anza-aprendizaje adaptados a las necesidades del grupo, tal como han informado desde el Ayuntamiento.<\/p>\n","protected":false},"excerpt":{"rendered":"<div class=\"mh-excerpt\">El Ayuntamiento de Chiva, a trav\u00e9s de la Agencia de Empleo y Desarrollo Local y en colaboraci\u00f3n con la conselleria de Educaci\u00f3n, organiz\u00f3 d\u00edas atr\u00e1s, dentro del Programa de Cualificaci\u00f3n Profesional Inicial (PCPI), una jornada <a class=\"mh-excerpt-more\" href=\"https:\/\/www.tucomarca.com\/wordpress\/segunda\/chiva-acoge-una-jornada-de-actividades-para-prevenir-la-drogadiccion\/\" title=\"Chiva acoge una jornada de actividades para prevenir la drogadicci\u00f3n\">[+] <\/a><\/div>\n","protected":false},"author":1,"featured_media":3791,"comment_status":"open","ping_status":"open","sticky":false,"template":"","format":"standard","meta":{"footnotes":""},"categories":[16,8,10,3,45],"tags":[],"class_list":{"0":"post-3790","1":"post","2":"type-post","3":"status-publish","4":"format-standard","5":"has-post-thumbnail","7":"category-chiva","8":"category-la-comarca","9":"category-la-hoya","10":"category-seccion","11":"category-ventana"},"_links":{"self":[{"href":"https:\/\/www.tucomarca.com\/wordpress\/segunda\/wp-json\/wp\/v2\/posts\/3790","targetHints":{"allow":["GET"]}}],"collection":[{"href":"https:\/\/www.tucomarca.com\/wordpress\/segunda\/wp-json\/wp\/v2\/posts"}],"about":[{"href":"https:\/\/www.tucomarca.com\/wordpress\/segunda\/wp-json\/wp\/v2\/types\/post"}],"author":[{"embeddable":true,"href":"https:\/\/www.tucomarca.com\/wordpress\/segunda\/wp-json\/wp\/v2\/users\/1"}],"replies":[{"embeddable":true,"href":"https:\/\/www.tucomarca.com\/wordpress\/segunda\/wp-json\/wp\/v2\/comments?post=3790"}],"version-history":[{"count":0,"href":"https:\/\/www.tucomarca.com\/wordpress\/segunda\/wp-json\/wp\/v2\/posts\/3790\/revisions"}],"wp:featuredmedia":[{"embeddable":true,"href":"https:\/\/www.tucomarca.com\/wordpress\/segunda\/wp-json\/wp\/v2\/media\/3791"}],"wp:attachment":[{"href":"https:\/\/www.tucomarca.com\/wordpress\/segunda\/wp-json\/wp\/v2\/media?parent=3790"}],"wp:term":[{"taxonomy":"category","embeddable":true,"href":"https:\/\/www.tucomarca.com\/wordpress\/segunda\/wp-json\/wp\/v2\/categories?post=3790"},{"taxonomy":"post_tag","embeddable":true,"href":"https:\/\/www.tucomarca.com\/wordpress\/segunda\/wp-json\/wp\/v2\/tags?post=3790"}],"curies":[{"name":"wp","href":"https:\/\/api.w.org\/{rel}","templated":true}]}}