{"id":3794,"date":"2012-06-20T12:46:35","date_gmt":"2012-06-20T10:46:35","guid":{"rendered":"http:\/\/www.tucomarca.com\/wordpress\/segunda\/?p=3794"},"modified":"2012-06-20T12:46:35","modified_gmt":"2012-06-20T10:46:35","slug":"video-rueda-de-prensa-de-ciudadania-por-bunol-sobre-su-rechazo-al-plan-de-ajuste-municipal","status":"publish","type":"post","link":"https:\/\/www.tucomarca.com\/wordpress\/segunda\/video-rueda-de-prensa-de-ciudadania-por-bunol-sobre-su-rechazo-al-plan-de-ajuste-municipal\/","title":{"rendered":"V\u00eddeo: rueda de prensa de Ciudadan\u00eda por Bu\u00f1ol sobre su rechazo al Plan de Ajuste municipal"},"content":{"rendered":"<p>Aqu\u00ed os ofrecemos la rueda de prensa \u00edntegra realizada por \u00ab\ufeff\ufeffCiudadan\u00eda por Bu\u00f1ol\u00bb sobre su rechazo al Plan de Ajuste municipal, elevado a pleno por el gobierno local (EU, PSOE e IA) y que fue rechazado con los votos de Francisco Carrascosa y Laura Carrascosa.<\/p>\n","protected":false},"excerpt":{"rendered":"<div class=\"mh-excerpt\">Aqu\u00ed os ofrecemos la rueda de prensa \u00edntegra realizada por \u00ab\ufeff\ufeffCiudadan\u00eda por Bu\u00f1ol\u00bb sobre su rechazo al Plan de Ajuste municipal, elevado a pleno por el gobierno local (EU, PSOE e IA) y que fue <a class=\"mh-excerpt-more\" href=\"https:\/\/www.tucomarca.com\/wordpress\/segunda\/video-rueda-de-prensa-de-ciudadania-por-bunol-sobre-su-rechazo-al-plan-de-ajuste-municipal\/\" title=\"V\u00eddeo: rueda de prensa de Ciudadan\u00eda por Bu\u00f1ol sobre su rechazo al Plan de Ajuste municipal\">[+] <\/a><\/div>\n","protected":false},"author":1,"featured_media":0,"comment_status":"open","ping_status":"open","sticky":false,"template":"","format":"standard","meta":{"footnotes":""},"categories":[18,8,10,142,3,26],"tags":[],"class_list":{"0":"post-3794","1":"post","2":"type-post","3":"status-publish","4":"format-standard","6":"category-bunol","7":"category-la-comarca","8":"category-la-hoya","9":"category-politica-la-comarca","10":"category-seccion","11":"category-video"},"_links":{"self":[{"href":"https:\/\/www.tucomarca.com\/wordpress\/segunda\/wp-json\/wp\/v2\/posts\/3794","targetHints":{"allow":["GET"]}}],"collection":[{"href":"https:\/\/www.tucomarca.com\/wordpress\/segunda\/wp-json\/wp\/v2\/posts"}],"about":[{"href":"https:\/\/www.tucomarca.com\/wordpress\/segunda\/wp-json\/wp\/v2\/types\/post"}],"author":[{"embeddable":true,"href":"https:\/\/www.tucomarca.com\/wordpress\/segunda\/wp-json\/wp\/v2\/users\/1"}],"replies":[{"embeddable":true,"href":"https:\/\/www.tucomarca.com\/wordpress\/segunda\/wp-json\/wp\/v2\/comments?post=3794"}],"version-history":[{"count":0,"href":"https:\/\/www.tucomarca.com\/wordpress\/segunda\/wp-json\/wp\/v2\/posts\/3794\/revisions"}],"wp:attachment":[{"href":"https:\/\/www.tucomarca.com\/wordpress\/segunda\/wp-json\/wp\/v2\/media?parent=3794"}],"wp:term":[{"taxonomy":"category","embeddable":true,"href":"https:\/\/www.tucomarca.com\/wordpress\/segunda\/wp-json\/wp\/v2\/categories?post=3794"},{"taxonomy":"post_tag","embeddable":true,"href":"https:\/\/www.tucomarca.com\/wordpress\/segunda\/wp-json\/wp\/v2\/tags?post=3794"}],"curies":[{"name":"wp","href":"https:\/\/api.w.org\/{rel}","templated":true}]}}