{"id":37984,"date":"2015-06-29T12:31:20","date_gmt":"2015-06-29T09:31:20","guid":{"rendered":"http:\/\/www.tucomarca.com\/wordpress\/segunda\/?p=37984"},"modified":"2015-06-29T12:31:20","modified_gmt":"2015-06-29T09:31:20","slug":"fomento-abre-al-trafico-la-calzada-sentido-madrid-de-la-a3-en-el-viaducto-sobre-el-embalse-de-contreras","status":"publish","type":"post","link":"https:\/\/www.tucomarca.com\/wordpress\/segunda\/fomento-abre-al-trafico-la-calzada-sentido-madrid-de-la-a3-en-el-viaducto-sobre-el-embalse-de-contreras\/","title":{"rendered":"Fomento abre al tr\u00e1fico la calzada sentido Madrid de la A3 en el viaducto sobre el embalse de Contreras"},"content":{"rendered":"<p>El Ministerio de Fomento ha abierto al tr\u00e1fico la calzada izquierda de la autov\u00eda A3 sentido Madrid, a la altura del embalse de Contreras, una vez ha concluido la sustituci\u00f3n de apoyos del tablero izquierdo, lo que permitir\u00e1 que los veh\u00edculos que este fin de semana retornen al centro peninsular desde la costa valenciana lo hagan ya por el tronco de la autov\u00eda.<br \/>\nDe esta forma, se cumple el objetivo de recuperar la funcionalidad de la autov\u00eda antes de las grandes operaciones de tr\u00e1fico de julio y agosto.<br \/>\nLa autov\u00eda A3 en este tramo soporta diariamente un tr\u00e1fico medio de 20.000 veh\u00edculos, duplic\u00e1ndose dicha cifra durante ciertos periodos festivos, de los cuales 4.000 son veh\u00edculos pesados.<br \/>\nEn el carril derecho, de los tres existentes, continuar\u00e1n las actuaciones de reparaci\u00f3n, mejora y mantenimiento que seguir\u00e1n desarroll\u00e1ndose durante los pr\u00f3ximos meses aunque ya sin cortes de la autov\u00eda.<br \/>\nLa calzada opuesta, sentido Valencia, recuper\u00f3 su total funcionalidad el pasado mes de marzo, de forma previa a las operaciones especiales de tr\u00e1fico de Fallas y Semana Santa.<\/p>\n","protected":false},"excerpt":{"rendered":"<div class=\"mh-excerpt\">El Ministerio de Fomento ha abierto al tr\u00e1fico la calzada izquierda de la autov\u00eda A3 sentido Madrid, a la altura del embalse de Contreras, una vez ha concluido la sustituci\u00f3n de apoyos del tablero izquierdo, <a class=\"mh-excerpt-more\" href=\"https:\/\/www.tucomarca.com\/wordpress\/segunda\/fomento-abre-al-trafico-la-calzada-sentido-madrid-de-la-a3-en-el-viaducto-sobre-el-embalse-de-contreras\/\" title=\"Fomento abre al tr\u00e1fico la calzada sentido Madrid de la A3 en el viaducto sobre el embalse de Contreras\">[+] <\/a><\/div>\n","protected":false},"author":2,"featured_media":0,"comment_status":"open","ping_status":"open","sticky":false,"template":"","format":"standard","meta":{"footnotes":""},"categories":[128,8,72,3],"tags":[131,6995,8146,686,8147,455],"class_list":{"0":"post-37984","1":"post","2":"type-post","3":"status-publish","4":"format-standard","6":"category-infraestructuras","7":"category-la-comarca","8":"category-sin-categorizar","9":"category-seccion","10":"tag-a3","11":"tag-abre","12":"tag-calzada","13":"tag-contreras","14":"tag-embalse","15":"tag-fomento"},"_links":{"self":[{"href":"https:\/\/www.tucomarca.com\/wordpress\/segunda\/wp-json\/wp\/v2\/posts\/37984","targetHints":{"allow":["GET"]}}],"collection":[{"href":"https:\/\/www.tucomarca.com\/wordpress\/segunda\/wp-json\/wp\/v2\/posts"}],"about":[{"href":"https:\/\/www.tucomarca.com\/wordpress\/segunda\/wp-json\/wp\/v2\/types\/post"}],"author":[{"embeddable":true,"href":"https:\/\/www.tucomarca.com\/wordpress\/segunda\/wp-json\/wp\/v2\/users\/2"}],"replies":[{"embeddable":true,"href":"https:\/\/www.tucomarca.com\/wordpress\/segunda\/wp-json\/wp\/v2\/comments?post=37984"}],"version-history":[{"count":0,"href":"https:\/\/www.tucomarca.com\/wordpress\/segunda\/wp-json\/wp\/v2\/posts\/37984\/revisions"}],"wp:attachment":[{"href":"https:\/\/www.tucomarca.com\/wordpress\/segunda\/wp-json\/wp\/v2\/media?parent=37984"}],"wp:term":[{"taxonomy":"category","embeddable":true,"href":"https:\/\/www.tucomarca.com\/wordpress\/segunda\/wp-json\/wp\/v2\/categories?post=37984"},{"taxonomy":"post_tag","embeddable":true,"href":"https:\/\/www.tucomarca.com\/wordpress\/segunda\/wp-json\/wp\/v2\/tags?post=37984"}],"curies":[{"name":"wp","href":"https:\/\/api.w.org\/{rel}","templated":true}]}}