{"id":3800,"date":"2012-06-20T14:01:24","date_gmt":"2012-06-20T12:01:24","guid":{"rendered":"http:\/\/www.tucomarca.com\/wordpress\/segunda\/?p=3800"},"modified":"2012-06-20T14:01:24","modified_gmt":"2012-06-20T12:01:24","slug":"un-incendio-afecta-a-cuatro-almacenes-de-material-pirotecnico-en-olocau","status":"publish","type":"post","link":"https:\/\/www.tucomarca.com\/wordpress\/segunda\/un-incendio-afecta-a-cuatro-almacenes-de-material-pirotecnico-en-olocau\/","title":{"rendered":"Un incendio afecta a cuatro almacenes de material pirot\u00e9cnico en Olocau"},"content":{"rendered":"<p>El incendio declarado ayer tarde en la pirot\u00e9cnica Ricardo Caballer  en la localidad de Olocau afect\u00f3 a cuatro almacenes con  material acabado sin explosivo, seg\u00fan ha informado el Consorcio de Bomberos.<\/p>\n<p>Fuentes  de la empresa han explicado adem\u00e1s a la agencia EFE que el fuego se ha producido en un  almac\u00e9n anexo a las instalaciones principales, donde se guardaban  productos inertes, principalmente cart\u00f3n y pl\u00e1stico, y que  \u00abpr\u00e1cticamente fue controlado\u00bb a \u00faltima hora de la tarde de ayer.<\/p>\n<p>Para la extinci\u00f3n del incendio,  en el que no se han producido heridos, se han movilizado los parques de  bomberos de Paterna, L&#8217;Eliana, Moncada, Chiva y Torrent.<\/p>\n<p>Fuentes  de la Polic\u00eda Local de Olocau han explicado a EFE que en el momento de  declararse el fuego hab\u00eda varios trabajadores en la f\u00e1brica, que han  sido desalojados sin sufrir da\u00f1os.<\/p>\n","protected":false},"excerpt":{"rendered":"<div class=\"mh-excerpt\">El incendio declarado ayer tarde en la pirot\u00e9cnica Ricardo Caballer en la localidad de Olocau afect\u00f3 a cuatro almacenes con material acabado sin explosivo, seg\u00fan ha informado el Consorcio de Bomberos. Fuentes de la empresa <a class=\"mh-excerpt-more\" href=\"https:\/\/www.tucomarca.com\/wordpress\/segunda\/un-incendio-afecta-a-cuatro-almacenes-de-material-pirotecnico-en-olocau\/\" title=\"Un incendio afecta a cuatro almacenes de material pirot\u00e9cnico en Olocau\">[+] <\/a><\/div>\n","protected":false},"author":1,"featured_media":0,"comment_status":"open","ping_status":"open","sticky":false,"template":"","format":"standard","meta":{"footnotes":""},"categories":[46,8,181,3,116],"tags":[],"class_list":{"0":"post-3800","1":"post","2":"type-post","3":"status-publish","4":"format-standard","6":"category-camp-de-turia","7":"category-la-comarca","8":"category-olocau","9":"category-seccion","10":"category-sucesos-la-comarca"},"_links":{"self":[{"href":"https:\/\/www.tucomarca.com\/wordpress\/segunda\/wp-json\/wp\/v2\/posts\/3800","targetHints":{"allow":["GET"]}}],"collection":[{"href":"https:\/\/www.tucomarca.com\/wordpress\/segunda\/wp-json\/wp\/v2\/posts"}],"about":[{"href":"https:\/\/www.tucomarca.com\/wordpress\/segunda\/wp-json\/wp\/v2\/types\/post"}],"author":[{"embeddable":true,"href":"https:\/\/www.tucomarca.com\/wordpress\/segunda\/wp-json\/wp\/v2\/users\/1"}],"replies":[{"embeddable":true,"href":"https:\/\/www.tucomarca.com\/wordpress\/segunda\/wp-json\/wp\/v2\/comments?post=3800"}],"version-history":[{"count":0,"href":"https:\/\/www.tucomarca.com\/wordpress\/segunda\/wp-json\/wp\/v2\/posts\/3800\/revisions"}],"wp:attachment":[{"href":"https:\/\/www.tucomarca.com\/wordpress\/segunda\/wp-json\/wp\/v2\/media?parent=3800"}],"wp:term":[{"taxonomy":"category","embeddable":true,"href":"https:\/\/www.tucomarca.com\/wordpress\/segunda\/wp-json\/wp\/v2\/categories?post=3800"},{"taxonomy":"post_tag","embeddable":true,"href":"https:\/\/www.tucomarca.com\/wordpress\/segunda\/wp-json\/wp\/v2\/tags?post=3800"}],"curies":[{"name":"wp","href":"https:\/\/api.w.org\/{rel}","templated":true}]}}